{"id":22658,"date":"2016-01-07T09:10:07","date_gmt":"2016-01-07T09:10:07","guid":{"rendered":"http:\/\/www.fg.ull.es\/es\/?p=22658"},"modified":"2016-01-07T09:10:07","modified_gmt":"2016-01-07T09:10:07","slug":"barrios-por-el-empleo-juntos-mas-fuertes-cierra-2015-con-650-personas-atendidas-en-tegueste-la-salud-fasnia-y-san-isidro","status":"publish","type":"post","link":"https:\/\/fg.ull.es\/hemeroteca\/2016\/01\/07\/barrios-por-el-empleo-juntos-mas-fuertes-cierra-2015-con-650-personas-atendidas-en-tegueste-la-salud-fasnia-y-san-isidro\/","title":{"rendered":"\u201cBarrios por el Empleo: Juntos m\u00e1s Fuertes\u201d cierra 2015 con 650 personas atendidas en Tegueste, La Salud, Fasnia y San Isidro"},"content":{"rendered":"<h1>\u201cBarrios por el Empleo: Juntos m\u00e1s Fuertes\u201d cierra 2015 con 650 personas atendidas en Tegueste, La Salud, Fasnia y San Isidro<\/h1>\n<h4>El proyecto est\u00e1 impulsado por la Fundaci\u00f3n Canaria General de la Universidad de La Laguna junto a diferentes entidades sociales y financiado por el Cabildo de Tenerife en colaboraci\u00f3n con FIFEDE, tratando\u00a0de mejorar la empleabilidad de personas en riesgo de exclusi\u00f3n y durante 2015 ha logrado la inserci\u00f3n laboral de 64 de los participantes en estos territorios.<\/h4>\n<p><em>Barrios por el Empleo: Juntos m\u00e1s Fuertes<\/em> es un proyecto que se ocupa de la promoci\u00f3n de la empleabilidad y la inserci\u00f3n sociolaboral de personas en situaci\u00f3n de vulnerabilidad, todo ello, gracias a la interacci\u00f3n entre la Universidad de La Laguna, el Cabildo de Tenerife y entidades especializadas en la promoci\u00f3n e intermediaci\u00f3n laboral, como Cruz Roja, C\u00e1ritas Diocesana y Fundaci\u00f3n Proyecto Don Bosco, con el liderazgo de la Fundaci\u00f3n Canaria Insular para la Formaci\u00f3n, el Empleo y el Desarrollo Empresarial (FIFEDE).<br \/>\nEste programa est\u00e1 dirigido a personas en situaci\u00f3n de exclusi\u00f3n social o en riesgo de padecerla, que se encuentran en circunstancias de desempleo, trabajando en su inclusi\u00f3n mediante el desarrollo de un enfoque integral en el que destacan la mejora de la empleabilidad y la generaci\u00f3n de nuevas oportunidades para la inserci\u00f3n laboral. Todo ello se realiza en la escala de barrio y explotando los beneficios de la proximidad, es decir, actuando lo m\u00e1s cerca posible de las personas que se encuentran en mayores dificultades para incorporarse al mercado laboral.<br \/>\nDurante 2015, la Fundaci\u00f3n General de la Universidad de La Laguna ha sido parte promotora de <em>Barrios por el Empleo<\/em>, trabajando en las localidades de Tegueste, La Salud (Santa Cruz de Tenerife), Fasnia y San Isidro contando con la colaboraci\u00f3n de sus ayuntamientos de referencia, donde se ha atendido a un total de 650 personas. Entre \u00e9stas, un grupo realiz\u00f3 un itinerario personalizado con una media de diez horas de orientaci\u00f3n, otro recibi\u00f3 formaci\u00f3n complementaria, un tercer grupo formaci\u00f3n en competencias profesionalizantes, y por \u00faltimo, otro conjunto de personas beneficiarias llevaron a cabo pr\u00e1cticas no laborales en empresas. Al finalizar el a\u00f1o, este proyecto logr\u00f3 con \u00e9xito la inserci\u00f3n de 64 participantes. El reto en 2016 es profundizar en la realizaci\u00f3n de m\u00e1s iniciativas experimentales en el marco del proyecto que puedan generar nuevo conocimiento \u00fatil a la sociedad.<br \/>\nRut L\u00f3pez, coordinadora de <em>Barrios por el Empleo: Juntos m\u00e1s Fuertes<\/em>, afirma que \u201cuno de los aspectos m\u00e1s destacables de este proyecto es la novedad que supone que cinco entidades, que hasta ahora trabajaban de manera aut\u00f3noma en el \u00e1mbito de la empleabilidad en la isla de Tenerife, hayan apostado por el desarrollo de un proyecto global con una metodolog\u00eda de trabajo compartida\u201d. Adem\u00e1s, L\u00f3pez a\u00f1ade que \u201cel trabajo colaborativo entre entidades y el apoyo institucional han sido aspectos claves para el \u00e9xito del proyecto <em>Barrios por el Empleo: Juntos m\u00e1s Fuertes <\/em>y de que podamos haber llegado a muchos m\u00e1s lugares\u201d.<br \/>\nEl proyecto<em> Barrios por el Empleo: Juntos m\u00e1s Fuertes<\/em> se consolida como un modelo de referencia de la colaboraci\u00f3n entre organizaciones, p\u00fablicas y privadas, que persiguen fines similares, combinando las oportunidades que ofrece la conjugaci\u00f3n de conocimientos, m\u00e9todos de trabajo, recursos materiales y humanos, relaciones y redes, experiencia y trayectoria en la acci\u00f3n, etc. A juicio de su director, el profesor Vicente Zapata, \u201clos resultados de esta primera experiencia compartida han sido excelentes, mejorando en muchos aspectos la propuesta original de <em>Barrios por el Empleo<\/em>, lo que ha derivado en la renovaci\u00f3n del proyecto por parte del Cabildo de Tenerife con una mayor cobertura durante el a\u00f1o 2016\u201d.<\/p>\n","protected":false},"excerpt":{"rendered":"<p>El proyecto est\u00e1 impulsado por la Fundaci\u00f3n Canaria General de la Universidad de La Laguna junto a diferentes entidades sociales y financiado por el Cabildo de Tenerife en colaboraci\u00f3n con FIFEDE, tratando de mejorar la empleabilidad de personas en riesgo de exclusi\u00f3n y durante 2015 ha logrado la inserci\u00f3n laboral de 64 de los participantes en estos territorios.<\/p>\n","protected":false},"author":35,"featured_media":22659,"comment_status":"closed","ping_status":"closed","sticky":false,"template":"","format":"standard","meta":{"footnotes":""},"categories":[3],"tags":[96,226,635,827,927,1242,1349],"featured_image_thumbnail_url":"https:\/\/fg.ull.es\/hemeroteca\/wp-content\/uploads\/sites\/14\/2016\/01\/foto7-1-300x170.jpg","_links":{"self":[{"href":"https:\/\/fg.ull.es\/hemeroteca\/wp-json\/wp\/v2\/posts\/22658"}],"collection":[{"href":"https:\/\/fg.ull.es\/hemeroteca\/wp-json\/wp\/v2\/posts"}],"about":[{"href":"https:\/\/fg.ull.es\/hemeroteca\/wp-json\/wp\/v2\/types\/post"}],"author":[{"embeddable":true,"href":"https:\/\/fg.ull.es\/hemeroteca\/wp-json\/wp\/v2\/users\/35"}],"replies":[{"embeddable":true,"href":"https:\/\/fg.ull.es\/hemeroteca\/wp-json\/wp\/v2\/comments?post=22658"}],"version-history":[{"count":0,"href":"https:\/\/fg.ull.es\/hemeroteca\/wp-json\/wp\/v2\/posts\/22658\/revisions"}],"wp:featuredmedia":[{"embeddable":true,"href":"https:\/\/fg.ull.es\/hemeroteca\/wp-json\/wp\/v2\/media\/22659"}],"wp:attachment":[{"href":"https:\/\/fg.ull.es\/hemeroteca\/wp-json\/wp\/v2\/media?parent=22658"}],"wp:term":[{"taxonomy":"category","embeddable":true,"href":"https:\/\/fg.ull.es\/hemeroteca\/wp-json\/wp\/v2\/categories?post=22658"},{"taxonomy":"post_tag","embeddable":true,"href":"https:\/\/fg.ull.es\/hemeroteca\/wp-json\/wp\/v2\/tags?post=22658"}],"curies":[{"name":"wp","href":"https:\/\/api.w.org\/{rel}","templated":true}]}}