{"id":22563,"date":"2015-12-29T10:58:30","date_gmt":"2015-12-29T10:58:30","guid":{"rendered":"http:\/\/www.fg.ull.es\/es\/?p=22563"},"modified":"2015-12-29T10:58:30","modified_gmt":"2015-12-29T10:58:30","slug":"disa-red-de-servicios-petroliferos-busca-incorporar-un-becario-a-su-plantilla","status":"publish","type":"post","link":"https:\/\/fg.ull.es\/hemeroteca\/2015\/12\/29\/disa-red-de-servicios-petroliferos-busca-incorporar-un-becario-a-su-plantilla\/","title":{"rendered":"Disa Red de Servicios Petrol\u00edferos busca incorporar un becario a su plantilla"},"content":{"rendered":"<h1>Disa Red de Servicios Petrol\u00edferos busca incorporar un becario\/a a su plantilla<\/h1>\n<h4>Las personas interesadas cuyo perfil acad\u00e9mico concuerde con los estudios de ADE, Empresariales, Econ\u00f3micas, Contabilidad\u00a0o similar, todav\u00eda disponen de plazo para inscribirse en esta oferta.<\/h4>\n<p><a href=\"https:\/\/www.disagrupo.es\/\">Disa Red de Servicios Petrol\u00edferos<\/a> oferta una plaza para una beca de inserci\u00f3n laboral para titulados\/as en Econom\u00eda, Administraci\u00f3n y Direcci\u00f3n de Empresas, Contabilidad y Finanzas o Ciencias Empresariales para reforzar su plantilla. Entre las funciones que desarrollar\u00e1 se encuentran: Gesti\u00f3n de facturas de Estaciones no COCOs, gesti\u00f3n de resultados y premios del <em>Cliente Misterioso<\/em> y venta activa, creaci\u00f3n y seguimiento de campa\u00f1as puntuales de <em>Estaciones Prodalca<\/em> (seguridad\/ otros materiales), apoyo gestiones administrativas con organismos p\u00fablicos, apoyo administrativo con gestiones RLL\/ RR.HH, gesti\u00f3n y seguimiento cartera de clientes contado de <em>Prodalca<\/em>, participaci\u00f3n en procesos de cierre, otras acciones administrativas y comerciales y gesti\u00f3n administrativa del sistema de incentivos de encargados<em> Prodalca<\/em>.<br \/>\nEntre los requisitos a cumplir, los candidatos y candidatas deben ser titulados\/as universitarios\/as sin haber transcurrido m\u00e1s de 36 meses desde la finalizaci\u00f3n, no podr\u00e1n optar a esta beca aquellos\/as titulados\/as que hayan sido beneficiarios de otros programas de becas de inserci\u00f3n laboral por un per\u00edodo total acumulado de doce meses asociados a los estudios por los que opta a la misma, no haber superado una experiencia laboral de m\u00e1s de 6 meses desde la finalizaci\u00f3n de la Titulaci\u00f3n Universitaria\u00a0y obligatoriamente tener el Curr\u00edculum Vitae actualizado el d\u00eda de inscripci\u00f3n en la oferta.<br \/>\nAquellos interesados\/as que deseen formalizar su inscripci\u00f3n en esta oferta pueden hacerlo <a href=\"https:\/\/sede.fg.ull.es\/es\/empleo\/detalle\/a15220105\/disa-red-de-servicios-petroliferos-s-a-u\">AQU\u00cd<\/a>.<\/p>\n","protected":false},"excerpt":{"rendered":"<p>Las personas interesadas cuyo perfil acad\u00e9mico concuerde con los estudios de ADE, Empresariales, Econ\u00f3micas, Contabilidad o similar, todav\u00eda disponen de plazo para inscribirse en esta oferta.<\/p>\n","protected":false},"author":35,"featured_media":22564,"comment_status":"closed","ping_status":"closed","sticky":false,"template":"","format":"standard","meta":{"footnotes":""},"categories":[3,13],"tags":[129,232,387,463,497,518,658,1396,1426],"featured_image_thumbnail_url":null,"_links":{"self":[{"href":"https:\/\/fg.ull.es\/hemeroteca\/wp-json\/wp\/v2\/posts\/22563"}],"collection":[{"href":"https:\/\/fg.ull.es\/hemeroteca\/wp-json\/wp\/v2\/posts"}],"about":[{"href":"https:\/\/fg.ull.es\/hemeroteca\/wp-json\/wp\/v2\/types\/post"}],"author":[{"embeddable":true,"href":"https:\/\/fg.ull.es\/hemeroteca\/wp-json\/wp\/v2\/users\/35"}],"replies":[{"embeddable":true,"href":"https:\/\/fg.ull.es\/hemeroteca\/wp-json\/wp\/v2\/comments?post=22563"}],"version-history":[{"count":0,"href":"https:\/\/fg.ull.es\/hemeroteca\/wp-json\/wp\/v2\/posts\/22563\/revisions"}],"wp:featuredmedia":[{"embeddable":true,"href":"https:\/\/fg.ull.es\/hemeroteca\/wp-json\/"}],"wp:attachment":[{"href":"https:\/\/fg.ull.es\/hemeroteca\/wp-json\/wp\/v2\/media?parent=22563"}],"wp:term":[{"taxonomy":"category","embeddable":true,"href":"https:\/\/fg.ull.es\/hemeroteca\/wp-json\/wp\/v2\/categories?post=22563"},{"taxonomy":"post_tag","embeddable":true,"href":"https:\/\/fg.ull.es\/hemeroteca\/wp-json\/wp\/v2\/tags?post=22563"}],"curies":[{"name":"wp","href":"https:\/\/api.w.org\/{rel}","templated":true}]}}