{"id":22490,"date":"2015-12-30T09:00:22","date_gmt":"2015-12-30T09:00:22","guid":{"rendered":"http:\/\/www.fg.ull.es\/es\/?p=22490"},"modified":"2015-12-30T09:00:22","modified_gmt":"2015-12-30T09:00:22","slug":"la-fundacion-general-de-la-universidad-de-la-laguna-se-suma-durante-parte-del-mes-de-diciembre-al-plan-de-contencion-del-gasto-corriente-implementado-en-la-institucion-academica","status":"publish","type":"post","link":"https:\/\/fg.ull.es\/hemeroteca\/2015\/12\/30\/la-fundacion-general-de-la-universidad-de-la-laguna-se-suma-durante-parte-del-mes-de-diciembre-al-plan-de-contencion-del-gasto-corriente-implementado-en-la-institucion-academica\/","title":{"rendered":"La Fundaci\u00f3n General de la Universidad de La Laguna se suma durante parte del mes de diciembre al plan de contenci\u00f3n del gasto corriente implementado en la Instituci\u00f3n Acad\u00e9mica."},"content":{"rendered":"<h1>La Fundaci\u00f3n General de la Universidad de La Laguna se suma durante parte del mes de diciembre al plan de contenci\u00f3n del gasto corriente implementado en la Instituci\u00f3n Acad\u00e9mica<\/h1>\n<h4>En este periodo se acometer\u00e1 un cierre comprendido entre el 30 de diciembre de 2015 a las 21 horas hasta 7 de enero de 2015 a las 6 horas. Se trata de un cierre integral de todos los centros y dependencias de la Universidad de La Laguna, salvo aquellas que no pueden ver interrumpida su normal actividad.<\/h4>\n<p>En el caso de la Fundaci\u00f3n General de la ULL (FGULL), se suspenden todas las actividades formativas (incluidas las correspondientes al Servicio de Idiomas) as\u00ed como los servicios de asesoramiento (orientaci\u00f3n laboral, emprendimiento, etc.). La secretar\u00eda permanecer\u00e1 tambi\u00e9n cerrada durante este per\u00edodo.<br \/>\nPara la gesti\u00f3n de eventuales incidencias, se ha creado una cuenta de correo electr\u00f3nico de contacto, permanentemente atendida, que est\u00e1 a disposici\u00f3n de los\/as usuarios\/as de la Fundaci\u00f3n para casos de inminente urgencia y comunicaci\u00f3n de cualquier incidencia durante el periodo de cierre: su direcci\u00f3n es cierre@fg.ull.es.<br \/>\nEn relaci\u00f3n a empresas o entidades de acogida de becas o pr\u00e1cticas se deber\u00e1 realizar una comunicaci\u00f3n inmediata en los casos de accidente, baja por incapacidad temporal y\/o finalizaci\u00f3n de la estancia de estudiantes o becarios\/as.<br \/>\nAprovechamos la ocasi\u00f3n para desearles unas Felices Fiestas.<\/p>\n","protected":false},"excerpt":{"rendered":"<p>En este periodo se acometer\u00e1 un cierre comprendido entre el 30 de diciembre de 2015 a las 21 horas hasta 7 de enero de 2015 a las 6 horas. Se trata de un cierre integral de todos los centros y dependencias de la Universidad de La Laguna, salvo aquellas que no pueden ver interrumpida su normal actividad.<\/p>\n","protected":false},"author":3,"featured_media":22592,"comment_status":"closed","ping_status":"closed","sticky":false,"template":"","format":"standard","meta":{"footnotes":""},"categories":[6],"tags":[1426],"featured_image_thumbnail_url":null,"_links":{"self":[{"href":"https:\/\/fg.ull.es\/hemeroteca\/wp-json\/wp\/v2\/posts\/22490"}],"collection":[{"href":"https:\/\/fg.ull.es\/hemeroteca\/wp-json\/wp\/v2\/posts"}],"about":[{"href":"https:\/\/fg.ull.es\/hemeroteca\/wp-json\/wp\/v2\/types\/post"}],"author":[{"embeddable":true,"href":"https:\/\/fg.ull.es\/hemeroteca\/wp-json\/wp\/v2\/users\/3"}],"replies":[{"embeddable":true,"href":"https:\/\/fg.ull.es\/hemeroteca\/wp-json\/wp\/v2\/comments?post=22490"}],"version-history":[{"count":0,"href":"https:\/\/fg.ull.es\/hemeroteca\/wp-json\/wp\/v2\/posts\/22490\/revisions"}],"wp:featuredmedia":[{"embeddable":true,"href":"https:\/\/fg.ull.es\/hemeroteca\/wp-json\/"}],"wp:attachment":[{"href":"https:\/\/fg.ull.es\/hemeroteca\/wp-json\/wp\/v2\/media?parent=22490"}],"wp:term":[{"taxonomy":"category","embeddable":true,"href":"https:\/\/fg.ull.es\/hemeroteca\/wp-json\/wp\/v2\/categories?post=22490"},{"taxonomy":"post_tag","embeddable":true,"href":"https:\/\/fg.ull.es\/hemeroteca\/wp-json\/wp\/v2\/tags?post=22490"}],"curies":[{"name":"wp","href":"https:\/\/api.w.org\/{rel}","templated":true}]}}