{"id":22404,"date":"2015-12-23T10:46:19","date_gmt":"2015-12-23T10:46:19","guid":{"rendered":"http:\/\/www.fg.ull.es\/es\/?p=22404"},"modified":"2015-12-23T10:46:19","modified_gmt":"2015-12-23T10:46:19","slug":"22404","status":"publish","type":"post","link":"https:\/\/fg.ull.es\/hemeroteca\/2015\/12\/23\/22404\/","title":{"rendered":"XIII Premio a los Valores Humanos en el Alumnado de la ULL Jos\u00e9 Luis Garc\u00eda P\u00e9rez"},"content":{"rendered":"<h1>XIII Premio a los Valores Humanos en el Alumnado de la ULL Jos\u00e9 Luis Garc\u00eda P\u00e9rez<\/h1>\n<h4>Se puede participar hasta el pr\u00f3ximo 26 de febrero de 2016.<\/h4>\n<p>El <a href=\"http:\/\/alumniull.es\/images\/XIII%20premio%20Jos%20Luis%20Garca%20Prez.pdf\" target=\"_blank\" rel=\"noopener noreferrer\">Premio a los Valores Humanos Jos\u00e9 Luis Garc\u00eda P\u00e9rez<\/a> est\u00e1 promovido por <a href=\"http:\/\/alumniull.es\/\" target=\"_blank\" rel=\"noopener noreferrer\">Alumni,\u00a0Asociaci\u00f3n de Antiguos Alumnos y Amigos de la Universidad de La Laguna<\/a>, y va dirigido tanto a la comunidad universitaria, como a los colectivos en los que participe el alumnado de la ULL. El premio ser\u00e1 de <strong>1.500 euros<\/strong>, que el ganador o ganadora destinar\u00e1 a una entidad sin \u00e1nimo de lucro. El plazo para presentar candidaturas <strong>expira el pr\u00f3ximo d\u00eda 26 de febrero de 2016<\/strong>.<br \/>\nLos requisitos son: tener matr\u00edcula\u00a0en la ULL y tener aprobado al menos un curso acad\u00e9mico, en el caso de los alumnos\/as; para el personal, tener como m\u00ednimo tres a\u00f1os de vigencia en la instituci\u00f3n; y para el colectivo, estar vinculado con la Universidad de La Laguna, o que al menos un 50% del grupo est\u00e9 formado por alumnos\/as de la ULL.<br \/>\n<a href=\"http:\/\/alumniull.es\/\" target=\"_blank\" rel=\"noopener noreferrer\">M\u00e1s informaci\u00f3n aqu\u00ed<\/a><\/p>\n","protected":false},"excerpt":{"rendered":"<p>Se puede participar hasta el pr\u00f3ximo 26 de febrero de 2016.<\/p>\n","protected":false},"author":3,"featured_media":12878,"comment_status":"closed","ping_status":"closed","sticky":false,"template":"","format":"standard","meta":{"footnotes":""},"categories":[6,13],"tags":[148,1396,1426],"featured_image_thumbnail_url":"https:\/\/fg.ull.es\/hemeroteca\/wp-content\/uploads\/sites\/14\/2015\/04\/1756_x3_alumni.jpg","_links":{"self":[{"href":"https:\/\/fg.ull.es\/hemeroteca\/wp-json\/wp\/v2\/posts\/22404"}],"collection":[{"href":"https:\/\/fg.ull.es\/hemeroteca\/wp-json\/wp\/v2\/posts"}],"about":[{"href":"https:\/\/fg.ull.es\/hemeroteca\/wp-json\/wp\/v2\/types\/post"}],"author":[{"embeddable":true,"href":"https:\/\/fg.ull.es\/hemeroteca\/wp-json\/wp\/v2\/users\/3"}],"replies":[{"embeddable":true,"href":"https:\/\/fg.ull.es\/hemeroteca\/wp-json\/wp\/v2\/comments?post=22404"}],"version-history":[{"count":0,"href":"https:\/\/fg.ull.es\/hemeroteca\/wp-json\/wp\/v2\/posts\/22404\/revisions"}],"wp:featuredmedia":[{"embeddable":true,"href":"https:\/\/fg.ull.es\/hemeroteca\/wp-json\/wp\/v2\/media\/12878"}],"wp:attachment":[{"href":"https:\/\/fg.ull.es\/hemeroteca\/wp-json\/wp\/v2\/media?parent=22404"}],"wp:term":[{"taxonomy":"category","embeddable":true,"href":"https:\/\/fg.ull.es\/hemeroteca\/wp-json\/wp\/v2\/categories?post=22404"},{"taxonomy":"post_tag","embeddable":true,"href":"https:\/\/fg.ull.es\/hemeroteca\/wp-json\/wp\/v2\/tags?post=22404"}],"curies":[{"name":"wp","href":"https:\/\/api.w.org\/{rel}","templated":true}]}}