{"id":22181,"date":"2015-12-21T09:39:46","date_gmt":"2015-12-21T09:39:46","guid":{"rendered":"http:\/\/www.fg.ull.es\/es\/?p=22181"},"modified":"2015-12-21T09:39:46","modified_gmt":"2015-12-21T09:39:46","slug":"la-universidad-de-la-laguna-acoge-la-jornada-experiencias-de-inversion-la-venta-de-trovit","status":"publish","type":"post","link":"https:\/\/fg.ull.es\/hemeroteca\/2015\/12\/21\/la-universidad-de-la-laguna-acoge-la-jornada-experiencias-de-inversion-la-venta-de-trovit\/","title":{"rendered":"La Universidad de La Laguna acoge la jornada \u201cExperiencias de inversi\u00f3n: Trovit\u201d"},"content":{"rendered":"<h1>La Universidad de La Laguna acoge la jornada \u201cExperiencias de inversi\u00f3n: Trovit\u201d<\/h1>\n<h4>La Red Uniban de la ULL reun\u00eda a m\u00e1s de 60 personas para escuchar la experiencia sobre una de las historias de \u00e9xito m\u00e1s importantes de una startup espa\u00f1ola.\u00a0Jes\u00fas Monle\u00f3n, responsable del desarrollo de negocio de Trovit, Kasia Adamowicz, Manager de Seedrocket, y Adriana Regidor, responsable de los instrumentos de Emprendedores Tecnol\u00f3gicos y Coinversi\u00f3n de Sodecan, han sido los ponentes principales de este acto.<\/h4>\n<p>El pasado <strong>viernes 18 de diciembre<\/strong> tuvo\u00a0lugar en el Aula Magna de la Facultad de Econom\u00eda, Empresa y Turismo de la Universidad de La Laguna, unas jornadas organizadas por\u00a0<a href=\"http:\/\/www.reduniban.com\/\">Red Uniban<\/a>,\u00a0con la colaboraci\u00f3n de\u00a0<a href=\"http:\/\/www.sodecan.es\/\">SODECAN<\/a>,\u00a0que ha logrado traer \u00a0a Canarias una de las historias de \u00e9xito m\u00e1s importantes de una<em> startup<\/em>, empresa de nueva creaci\u00f3n con perfil tecnol\u00f3gico,\u00a0 en el territorio nacional. Jes\u00fas Monle\u00f3n, responsable del desarrollo de negocio de <a href=\"http:\/\/www.trovit.es\/\">Trovit<\/a> y uno de los protagonistas de esta historia, ha sido el encargado de poner en conocimiento del p\u00fablico asistente los motivos y la cronolog\u00eda de su \u00e9xito.<br \/>\nJes\u00fas Monle\u00f3n, uno de los <em>business angels<\/em> m\u00e1s activos de Espa\u00f1a, form\u00f3 parte del equipo de Trovit, el buscador de anuncios de inmobiliaria, motor, empleo y productos. Posteriormente, tuvo lugar la venta de esta <em>startup<\/em>al grupo japon\u00e9s Next Co por un valor de 80 millones de euros. Monle\u00f3n comenz\u00f3 su carrera profesional como analista de fusiones y adquisiciones en Alpha Corporate, pero pronto se embarc\u00f3 en su primer proyecto como emprendedor. En 2000 fund\u00f3\u00a0<em>emagiste<\/em>r, de la que fue el CEO hasta su incorporaci\u00f3n al grupo Intercom. Desde entonces ha fundado otros proyectos como Abiquo y Offerum.<br \/>\nPor su parte, <a href=\"http:\/\/www.seedrocket.com\/\" target=\"_blank\" rel=\"noopener noreferrer\">SeedRocket<\/a>, una de las principales aceleradoras que ofrece a las\u00a0<strong><em>startups<\/em><\/strong>\u00a0un espacio com\u00fan de trabajo y conocimiento, potenciando las sinergias entre ellos y facilitando el traspaso de<em> know-how<\/em> entre los\u00a0<strong>emprendedores<\/strong>, tambi\u00e9n intervino en esta jornada con la manager de esta organizaci\u00f3n,\u00a0Kasia Adamowicz. <a href=\"http:\/\/www.seedrocket.com\/\" target=\"_blank\" rel=\"noopener noreferrer\">SeedRocket<\/a> es la primera aceleradora que naci\u00f3 en Espa\u00f1a para startups TIC en fase inicial. Desde 2008 ha conseguido un total de 55 millones de \u20ac de inversi\u00f3n para las startups que han pasado por este programa. De 64 startups aceleradas 43 de ellas han sido invertidas, lo que supone un \u00e9xito del 75%. Otro dato de inter\u00e9s es el elevado n\u00famero de &#8220;exits&#8221; conseguido, un total de 8 durante estos a\u00f1os.<br \/>\nTambi\u00e9n intervino Adriana Regidor, responsable del \u00e1rea de emprendimiento tecnol\u00f3gigo, coinversi\u00f3n e I+D de <a href=\"http:\/\/www.sodecan.es\/\" target=\"_blank\" rel=\"noopener noreferrer\">SODECAN<\/a>, quien explic\u00f3 qu\u00e9 es Sodecan y de qu\u00e9 forma ayudan a las empresas y a las personas con proyectos para emprender. Adem\u00e1s, tras la jornada p\u00fablica tuvo lugar una sesi\u00f3n a puerta cerrada con el conjunto de ponentes e integrantes de la Red UNIBAN en el rol de potenciales inversores\/as.<\/p>\n","protected":false},"excerpt":{"rendered":"<p>La Red Uniban de la ULL reun\u00eda a m\u00e1s de 60 personas para escuchar la experiencia sobre una de las historias de \u00e9xito m\u00e1s importantes de una startup espa\u00f1ola. Jes\u00fas Monle\u00f3n, responsable del desarrollo de negocio de Trovit, Kasia Adamowicz, Manager de Seedrocket, y Adriana Regidor, responsable de los instrumentos de Emprendedores Tecnol\u00f3gicos y Coinversi\u00f3n de Sodecan, han sido los ponentes principales de este acto.<\/p>\n","protected":false},"author":35,"featured_media":22188,"comment_status":"closed","ping_status":"closed","sticky":false,"template":"","format":"standard","meta":{"footnotes":""},"categories":[8],"tags":[260,881,1315,1388,1396,1412,1426],"featured_image_thumbnail_url":"https:\/\/fg.ull.es\/hemeroteca\/wp-content\/uploads\/sites\/14\/2015\/12\/DSC_0391-300x201.jpg","_links":{"self":[{"href":"https:\/\/fg.ull.es\/hemeroteca\/wp-json\/wp\/v2\/posts\/22181"}],"collection":[{"href":"https:\/\/fg.ull.es\/hemeroteca\/wp-json\/wp\/v2\/posts"}],"about":[{"href":"https:\/\/fg.ull.es\/hemeroteca\/wp-json\/wp\/v2\/types\/post"}],"author":[{"embeddable":true,"href":"https:\/\/fg.ull.es\/hemeroteca\/wp-json\/wp\/v2\/users\/35"}],"replies":[{"embeddable":true,"href":"https:\/\/fg.ull.es\/hemeroteca\/wp-json\/wp\/v2\/comments?post=22181"}],"version-history":[{"count":0,"href":"https:\/\/fg.ull.es\/hemeroteca\/wp-json\/wp\/v2\/posts\/22181\/revisions"}],"wp:featuredmedia":[{"embeddable":true,"href":"https:\/\/fg.ull.es\/hemeroteca\/wp-json\/wp\/v2\/media\/22188"}],"wp:attachment":[{"href":"https:\/\/fg.ull.es\/hemeroteca\/wp-json\/wp\/v2\/media?parent=22181"}],"wp:term":[{"taxonomy":"category","embeddable":true,"href":"https:\/\/fg.ull.es\/hemeroteca\/wp-json\/wp\/v2\/categories?post=22181"},{"taxonomy":"post_tag","embeddable":true,"href":"https:\/\/fg.ull.es\/hemeroteca\/wp-json\/wp\/v2\/tags?post=22181"}],"curies":[{"name":"wp","href":"https:\/\/api.w.org\/{rel}","templated":true}]}}