{"id":22127,"date":"2015-12-18T10:03:36","date_gmt":"2015-12-18T10:03:36","guid":{"rendered":"http:\/\/www.fg.ull.es\/es\/?p=22127"},"modified":"2015-12-18T10:03:36","modified_gmt":"2015-12-18T10:03:36","slug":"la-fundacion-universitaria-se-suma-a-la-campana-de-recogida-de-alimentos-de-ullsolidaria","status":"publish","type":"post","link":"https:\/\/fg.ull.es\/hemeroteca\/2015\/12\/18\/la-fundacion-universitaria-se-suma-a-la-campana-de-recogida-de-alimentos-de-ullsolidaria\/","title":{"rendered":"La Fundaci\u00f3n universitaria se suma a la campa\u00f1a de recogida de alimentos de ULLsolidaria"},"content":{"rendered":"<h1>La Fundaci\u00f3n universitaria se suma a la campa\u00f1a de recogida de alimentos de ULLsolidaria<\/h1>\n<h4>Se trata de la 6\u00aa campa\u00f1a de recogida de alimentos y estar\u00e1 vigente desde el 1 al 22 de diciembre. La Fundaci\u00f3n General de la ULL ha habilitado dos puntos de recogida, en el pasillo central de sus oficinas y en el aulario del Servicio de Idiomas.<\/h4>\n<p><a href=\"http:\/\/www.solidaridad.ull.es\/?page_id=814\" target=\"_blank\" rel=\"noopener noreferrer\">ULLsolidaria<\/a>, el proyecto de acci\u00f3n social de la Universidad de La Laguna, colabora en esta ocasi\u00f3n con el <a href=\"http:\/\/www.bancoalimentostfe.org\/banco\/\" target=\"_blank\" rel=\"noopener noreferrer\">Banco de Alimentos de Tenerife<\/a>, asociaci\u00f3n que realiza la gran labor de entregar todos aquellos alimentos recaudados a las diferentes entidades ben\u00e9ficas que posteriormente, distribuir\u00e1n estos a todas aquellas personas en situaci\u00f3n de necesidad y la <a href=\"http:\/\/www.alumniull.es\/\" target=\"_blank\" rel=\"noopener noreferrer\">Asociaci\u00f3n de Antiguos Alumnos y Amigos de la Universidad de La Laguna (ALUMNI)<\/a>.<br \/>\nPara participar, simplemente se puede depositar la donaci\u00f3n de su alimento no perecedero en cualquiera de las cajas de recogida de alimentos situadas en las entradas o porter\u00edas de las diferentes facultades y edificios de la ULL, incluida la Fundaci\u00f3n General.<br \/>\nLas principales necesidades de alimentos son: leche, aceite, alimentos infantiles, galletas, latas de sardinas, latas de carne, latas de at\u00fan, salchichas, verduras en conserva, legumbres, gofio, zumos y caf\u00e9s\/cacao.<\/p>\n","protected":false},"excerpt":{"rendered":"<p>Se trata de la 6\u00aa campa\u00f1a de recogida de alimentos y estar\u00e1 vigente desde el 1 al 22 de diciembre. La Fundaci\u00f3n General de la ULL ha habilitado dos puntos de recogida, en el pasillo central de sus oficinas y en el aulario del Servicio de Idiomas.<\/p>\n","protected":false},"author":3,"featured_media":22135,"comment_status":"closed","ping_status":"closed","sticky":false,"template":"","format":"standard","meta":{"footnotes":""},"categories":[1],"tags":[1221,1396,1426],"featured_image_thumbnail_url":"https:\/\/fg.ull.es\/hemeroteca\/wp-content\/uploads\/sites\/14\/2015\/12\/CARTEL-6-CAMPA\u00d1A-212x300.png","_links":{"self":[{"href":"https:\/\/fg.ull.es\/hemeroteca\/wp-json\/wp\/v2\/posts\/22127"}],"collection":[{"href":"https:\/\/fg.ull.es\/hemeroteca\/wp-json\/wp\/v2\/posts"}],"about":[{"href":"https:\/\/fg.ull.es\/hemeroteca\/wp-json\/wp\/v2\/types\/post"}],"author":[{"embeddable":true,"href":"https:\/\/fg.ull.es\/hemeroteca\/wp-json\/wp\/v2\/users\/3"}],"replies":[{"embeddable":true,"href":"https:\/\/fg.ull.es\/hemeroteca\/wp-json\/wp\/v2\/comments?post=22127"}],"version-history":[{"count":0,"href":"https:\/\/fg.ull.es\/hemeroteca\/wp-json\/wp\/v2\/posts\/22127\/revisions"}],"wp:featuredmedia":[{"embeddable":true,"href":"https:\/\/fg.ull.es\/hemeroteca\/wp-json\/wp\/v2\/media\/22135"}],"wp:attachment":[{"href":"https:\/\/fg.ull.es\/hemeroteca\/wp-json\/wp\/v2\/media?parent=22127"}],"wp:term":[{"taxonomy":"category","embeddable":true,"href":"https:\/\/fg.ull.es\/hemeroteca\/wp-json\/wp\/v2\/categories?post=22127"},{"taxonomy":"post_tag","embeddable":true,"href":"https:\/\/fg.ull.es\/hemeroteca\/wp-json\/wp\/v2\/tags?post=22127"}],"curies":[{"name":"wp","href":"https:\/\/api.w.org\/{rel}","templated":true}]}}