{"id":22023,"date":"2015-12-17T11:23:21","date_gmt":"2015-12-17T11:23:21","guid":{"rendered":"http:\/\/www.fg.ull.es\/es\/?p=22023"},"modified":"2015-12-17T11:23:21","modified_gmt":"2015-12-17T11:23:21","slug":"la-escuela-de-participacion-social-llega-al-toscal-longuera","status":"publish","type":"post","link":"https:\/\/fg.ull.es\/hemeroteca\/2015\/12\/17\/la-escuela-de-participacion-social-llega-al-toscal-longuera\/","title":{"rendered":"La Escuela de Participaci\u00f3n Social llega al Toscal-Longuera"},"content":{"rendered":"<h1><strong>La Escuela de Participaci\u00f3n Social llega al Toscal-Longuera<\/strong><\/h1>\n<h4><strong>Cerca de una veintena de personas asiste al primer taller de esta nueva edici\u00f3n de la Escuela, dedicado a las relaciones desde la diversidad, en el que se present\u00f3 la experiencia del grupo de J\u00f3venes por la Diversidad.<\/strong><\/h4>\n<p>La Escuela de Participaci\u00f3n Social, una iniciativa ideada y puesta en marcha por el Grupo de Participaci\u00f3n Social de <em>Juntos En la misma direcci\u00f3n<\/em> y en la actualidad promovida por la C\u00e1tedra Social de Ciudadan\u00eda y Participaci\u00f3n Social de la Universidad de La Laguna, financiada por el Cabildo de Tenerife a trav\u00e9s de la Consejer\u00eda Delegada de Participaci\u00f3n y Atenci\u00f3n Ciudadana y con la colaboraci\u00f3n de la Universidad de La Laguna y de su Fundaci\u00f3n General, celebra su sexta edici\u00f3n, llevando al n\u00facleo del Toscal-Longuera (Los Realejos), en colaboraci\u00f3n con la Mesa Comunitaria del barrio, su formaci\u00f3n en cuestiones comunitarias, combinada con la presentaci\u00f3n de experiencias de referencia en esta materia.<br \/>\nEste pasado mi\u00e9rcoles tuvo lugar el primer taller de esta sexta edici\u00f3n, dedicado a la relaciones desde la diversidad, en el que estuvo presente la experiencia de J\u00f3venes por la Diversidad, uno de los grupos de trabajo de la Estrategia <em>Juntos En la misma direcci\u00f3n<\/em> que recientemente ha sido galardonado con el premio colectivo \u201cJoven Canarias 2015\u201d. La experiencia fue seguida de la c\u00e1psula formativa \u201cC\u00f3mo construir relaciones desde la diversidad\u201d, impartida por Zaida Maritza, componente del grupo de Participaci\u00f3n Social de la Estrategia. En esta secci\u00f3n del taller, se definieron, de forma participativa, los tipos de relaciones sociales m\u00e1s relevantes que, cuando interaccionan, construyen una sociedad m\u00e1s cohesiva y tolerante. Adem\u00e1s, se aportaron herramientas que favorecen y fortalecen este tipo de relaciones.<br \/>\nLa VI Escuela de Participaci\u00f3n Social, que continuar\u00e1 con sus restantes cuatro talleres los mi\u00e9rcoles 16 de diciembre, 13, 20 y 27 de enero, se ha trasladado en esta ocasi\u00f3n al municipio norte\u00f1o de Los Realejos, para llevar su experiencia al barrio del Toscal-Longuera, buscando seguir acerc\u00e1ndose a territorios con una amplia diversidad humana y cultural y continuar apoyando y fortaleciendo procesos participativos que ya se han iniciado, como es el caso de la Mesa Comunitaria del barrio que colabora con esta Escuela. Los talleres contemplados en esta Escuela se realizar\u00e1n en los salones parroquiales de la Iglesia de Nuestra Se\u00f1ora de Guadalupe, a los que se suma un encuentro vecinal el d\u00eda 16 de enero, una vivencia participativa que se desarrollar\u00e1 en la Asociaci\u00f3n de Vecinos \u201cLa Barca\u201d.<\/p>\n","protected":false},"excerpt":{"rendered":"<p>Cerca de una veintena de personas asiste al primer taller de esta nueva edici\u00f3n de la Escuela, dedicado a las relaciones desde la diversidad, en el que se present\u00f3 la experiencia del grupo de J\u00f3venes por la Diversidad.<\/p>\n","protected":false},"author":35,"featured_media":22024,"comment_status":"closed","ping_status":"closed","sticky":false,"template":"","format":"standard","meta":{"footnotes":""},"categories":[3],"tags":[470,582,957,1091,1305,1375,1396,1426],"featured_image_thumbnail_url":"https:\/\/fg.ull.es\/hemeroteca\/wp-content\/uploads\/sites\/14\/2015\/12\/DSC00020-300x203.jpg","_links":{"self":[{"href":"https:\/\/fg.ull.es\/hemeroteca\/wp-json\/wp\/v2\/posts\/22023"}],"collection":[{"href":"https:\/\/fg.ull.es\/hemeroteca\/wp-json\/wp\/v2\/posts"}],"about":[{"href":"https:\/\/fg.ull.es\/hemeroteca\/wp-json\/wp\/v2\/types\/post"}],"author":[{"embeddable":true,"href":"https:\/\/fg.ull.es\/hemeroteca\/wp-json\/wp\/v2\/users\/35"}],"replies":[{"embeddable":true,"href":"https:\/\/fg.ull.es\/hemeroteca\/wp-json\/wp\/v2\/comments?post=22023"}],"version-history":[{"count":0,"href":"https:\/\/fg.ull.es\/hemeroteca\/wp-json\/wp\/v2\/posts\/22023\/revisions"}],"wp:featuredmedia":[{"embeddable":true,"href":"https:\/\/fg.ull.es\/hemeroteca\/wp-json\/wp\/v2\/media\/22024"}],"wp:attachment":[{"href":"https:\/\/fg.ull.es\/hemeroteca\/wp-json\/wp\/v2\/media?parent=22023"}],"wp:term":[{"taxonomy":"category","embeddable":true,"href":"https:\/\/fg.ull.es\/hemeroteca\/wp-json\/wp\/v2\/categories?post=22023"},{"taxonomy":"post_tag","embeddable":true,"href":"https:\/\/fg.ull.es\/hemeroteca\/wp-json\/wp\/v2\/tags?post=22023"}],"curies":[{"name":"wp","href":"https:\/\/api.w.org\/{rel}","templated":true}]}}