{"id":22011,"date":"2015-12-17T10:38:01","date_gmt":"2015-12-17T10:38:01","guid":{"rendered":"http:\/\/www.fg.ull.es\/es\/?p=22011"},"modified":"2015-12-17T10:38:01","modified_gmt":"2015-12-17T10:38:01","slug":"hoy-concluye-la-semana-del-marketing-con-marketing-en-tu-punto-de-venta","status":"publish","type":"post","link":"https:\/\/fg.ull.es\/hemeroteca\/2015\/12\/17\/hoy-concluye-la-semana-del-marketing-con-marketing-en-tu-punto-de-venta\/","title":{"rendered":"Hoy concluye \u201cLa semana del marketing\u201d con \u201cMarketing en tu punto de venta\u201d"},"content":{"rendered":"<h1><strong>Hoy concluye \u201cLa semana del marketing\u201d con \u201cMarketing en tu punto de venta\u201d<\/strong><\/h1>\n<h4>Hoy finaliza esta semana tem\u00e1tica de p\u00edldoras formativas y gratuitas sobre marketing, tras haber sido impartida ayer la jornada \u201cGoogle Adwords: crea una campa\u00f1a de publicidad online\u201d.<\/h4>\n<p>La\u00a0<strong><a href=\"http:\/\/fg.ull.es\/emprendeull\/\">Unidad de Emprendimiento, Emprende.ull<\/a><\/strong>, contin\u00faa con su oferta de\u00a0<strong>formaci\u00f3n gratuita<\/strong>\u00a0a trav\u00e9s de\u00a0<strong>\u201cp\u00edldoras\u201d<\/strong>, talleres pr\u00e1cticos que se desarrollan durante una tarde, y que en 2015 se han agrupado por tem\u00e1ticas concentr\u00e1ndose en una sola semana.<br \/>\nTras la\u00a0<strong>Semana Digital, la Log\u00edstica <\/strong>y<strong>\u00a0la Jur\u00eddica<\/strong>\u00a0llegamos a la que se celebra actualmente, la \u201cSemana del Marketing\u201d que comenzaba el 15 de diciembre y terminar\u00e1 hoy 17 de diciembre. En la sesi\u00f3n de hoy, <strong>\u201cMarketing en tu punto de venta\u201d, <\/strong>los y las participantes podr\u00e1n conocer herramientas y claves a\u00a0 tener en cuenta en la organizaci\u00f3n del punto de venta, la gesti\u00f3n y distribuci\u00f3n del surtido de productos, el dise\u00f1o interior del local, la gesti\u00f3n de las promociones y merchandising, dise\u00f1o exterior, an\u00e1lisis del escaparate y rotaciones. Esta ser\u00e1 de ser\u00e1 de 16 a 19 horas, es totalmente gratuita y convalidable por cr\u00e9ditos ECTS.\u00a0La<strong> <a href=\"https:\/\/sede.fg.ull.es\/es\/emprendimiento\/detalle\/a15040159\/pildora-formativa-marketing-en-tu-punto-de-venta\">\u00a0inscripci\u00f3n est\u00e1 abierta AQU\u00cd<\/a>.<\/strong><br \/>\nEn lo que va de semana, se ha celebrado con \u00e9xito de convocatoria la formaci\u00f3n \u201cMarketing Digital\u201d, impartida por Jacob Celso Rodr\u00edguez Torres y<strong>\u00a0<\/strong>la de<strong> <a href=\"https:\/\/sede.fg.ull.es\/es\/emprendimiento\/detalle\/a15040158\/pildora-formativa-google-adwords-crea-una-campa-a-de-publicidad-online\">\u201cGoogle Adwords: crea una campa\u00f1a de publicidad online\u201d<\/a><\/strong> impartida por Jos\u00e9 Frech\u00edn.<\/p>\n","protected":false},"excerpt":{"rendered":"<p>Hoy finaliza esta semana tem\u00e1tica de p\u00edldoras formativas y gratuitas sobre marketing, tras haber sido impartida ayer la jornada \u201cGoogle Adwords: crea una campa\u00f1a de publicidad online\u201d. <\/p>\n","protected":false},"author":35,"featured_media":22013,"comment_status":"closed","ping_status":"closed","sticky":false,"template":"","format":"standard","meta":{"footnotes":""},"categories":[3],"tags":[518,672,976,1104,1202,1265,1396,1426],"featured_image_thumbnail_url":"https:\/\/fg.ull.es\/hemeroteca\/wp-content\/uploads\/sites\/14\/2015\/12\/IMG_20151216_172408-300x225.jpg","_links":{"self":[{"href":"https:\/\/fg.ull.es\/hemeroteca\/wp-json\/wp\/v2\/posts\/22011"}],"collection":[{"href":"https:\/\/fg.ull.es\/hemeroteca\/wp-json\/wp\/v2\/posts"}],"about":[{"href":"https:\/\/fg.ull.es\/hemeroteca\/wp-json\/wp\/v2\/types\/post"}],"author":[{"embeddable":true,"href":"https:\/\/fg.ull.es\/hemeroteca\/wp-json\/wp\/v2\/users\/35"}],"replies":[{"embeddable":true,"href":"https:\/\/fg.ull.es\/hemeroteca\/wp-json\/wp\/v2\/comments?post=22011"}],"version-history":[{"count":0,"href":"https:\/\/fg.ull.es\/hemeroteca\/wp-json\/wp\/v2\/posts\/22011\/revisions"}],"wp:featuredmedia":[{"embeddable":true,"href":"https:\/\/fg.ull.es\/hemeroteca\/wp-json\/wp\/v2\/media\/22013"}],"wp:attachment":[{"href":"https:\/\/fg.ull.es\/hemeroteca\/wp-json\/wp\/v2\/media?parent=22011"}],"wp:term":[{"taxonomy":"category","embeddable":true,"href":"https:\/\/fg.ull.es\/hemeroteca\/wp-json\/wp\/v2\/categories?post=22011"},{"taxonomy":"post_tag","embeddable":true,"href":"https:\/\/fg.ull.es\/hemeroteca\/wp-json\/wp\/v2\/tags?post=22011"}],"curies":[{"name":"wp","href":"https:\/\/api.w.org\/{rel}","templated":true}]}}