{"id":21995,"date":"2015-12-17T09:59:43","date_gmt":"2015-12-17T09:59:43","guid":{"rendered":"http:\/\/www.fg.ull.es\/es\/?p=21995"},"modified":"2015-12-17T09:59:43","modified_gmt":"2015-12-17T09:59:43","slug":"la-camara-y-la-universidad-de-la-laguna-fomentan-la-cualificacion-del-sector-turistico-y-enogastronomico","status":"publish","type":"post","link":"https:\/\/fg.ull.es\/hemeroteca\/2015\/12\/17\/la-camara-y-la-universidad-de-la-laguna-fomentan-la-cualificacion-del-sector-turistico-y-enogastronomico\/","title":{"rendered":"La C\u00e1mara y la Universidad de La Laguna fomentan la cualificaci\u00f3n del sector tur\u00edstico y enogastron\u00f3mico"},"content":{"rendered":"<h1><strong>La C\u00e1mara y la Universidad de La Laguna fomentan la cualificaci\u00f3n del sector tur\u00edstico y enogastron\u00f3mico<\/strong><\/h1>\n<h4>Hoy d\u00eda 17 de diciembre, a las 11 horas, el director general de la C\u00e1mara de Comercio de Santa Cruz de Tenerife,\u00a0<strong>Vicente Dorta Antequera,<\/strong>\u00a0el<strong>\u00a0<\/strong>vicerrector de Relaciones con la Sociedad de la Universidad de La Laguna,\u00a0<strong>Francisco Garc\u00eda<\/strong>, y el presidente del Club Gastron\u00f3mico de la C\u00e1mara,\u00a0<strong>Jos\u00e9 Luis Zubieta<\/strong>, presentar\u00e1n el acuerdo de colaboraci\u00f3n entre ambas entidades para fomentar la cualificaci\u00f3n y especializaci\u00f3n del sector tur\u00edstico y enogastron\u00f3mico en Canarias.<\/h4>\n<p>Tanto desde Aula Cultural de Enoturismo y Turismo Gastron\u00f3mico de la ULL como de la Escuela de Negocios de las Islas Canarias (ENIC) de la C\u00e1mara de Comercio, y la Fundaci\u00f3n General de la ULL han dise\u00f1ado un conjunto de iniciativas encaminadas a reforzar la imagen de Tenerife como destino de referencia en el turismo enogastron\u00f3mico.<br \/>\nAlgunas de estas acciones se vinculan al Club Gastron\u00f3mico de la C\u00e1mara, en el que participa tambi\u00e9n la ULL, y que tiene entre sus objetivos lograr una mayor profesionalizaci\u00f3n del sector bares y restaurantes y fomentar la participaci\u00f3n del tejido empresarial en las actividades vinculadas a la cocina y su conocimiento de los vinos<\/p>\n","protected":false},"excerpt":{"rendered":"<p>Hoy d\u00eda 17 de diciembre, a las 11 horas, el director general de la C\u00e1mara de Comercio de Santa Cruz de Tenerife, Vicente Dorta Antequera, el vicerrector de Relaciones con la Sociedad de la Universidad de La Laguna, Francisco Garc\u00eda, y el presidente del Club Gastron\u00f3mico de la C\u00e1mara, Jos\u00e9 Luis Zubieta, presentar\u00e1n el acuerdo de colaboraci\u00f3n entre ambas entidades para fomentar la cualificaci\u00f3n y especializaci\u00f3n del sector tur\u00edstico y enogastron\u00f3mico en Canarias. <\/p>\n","protected":false},"author":35,"featured_media":22010,"comment_status":"closed","ping_status":"closed","sticky":false,"template":"","format":"standard","meta":{"footnotes":""},"categories":[8],"tags":[557,559,1392,1396,1426],"featured_image_thumbnail_url":"https:\/\/fg.ull.es\/hemeroteca\/wp-content\/uploads\/sites\/14\/2015\/12\/Copas_para_brindar_con_una_bruja_lou-300x225.jpg","_links":{"self":[{"href":"https:\/\/fg.ull.es\/hemeroteca\/wp-json\/wp\/v2\/posts\/21995"}],"collection":[{"href":"https:\/\/fg.ull.es\/hemeroteca\/wp-json\/wp\/v2\/posts"}],"about":[{"href":"https:\/\/fg.ull.es\/hemeroteca\/wp-json\/wp\/v2\/types\/post"}],"author":[{"embeddable":true,"href":"https:\/\/fg.ull.es\/hemeroteca\/wp-json\/wp\/v2\/users\/35"}],"replies":[{"embeddable":true,"href":"https:\/\/fg.ull.es\/hemeroteca\/wp-json\/wp\/v2\/comments?post=21995"}],"version-history":[{"count":0,"href":"https:\/\/fg.ull.es\/hemeroteca\/wp-json\/wp\/v2\/posts\/21995\/revisions"}],"wp:featuredmedia":[{"embeddable":true,"href":"https:\/\/fg.ull.es\/hemeroteca\/wp-json\/wp\/v2\/media\/22010"}],"wp:attachment":[{"href":"https:\/\/fg.ull.es\/hemeroteca\/wp-json\/wp\/v2\/media?parent=21995"}],"wp:term":[{"taxonomy":"category","embeddable":true,"href":"https:\/\/fg.ull.es\/hemeroteca\/wp-json\/wp\/v2\/categories?post=21995"},{"taxonomy":"post_tag","embeddable":true,"href":"https:\/\/fg.ull.es\/hemeroteca\/wp-json\/wp\/v2\/tags?post=21995"}],"curies":[{"name":"wp","href":"https:\/\/api.w.org\/{rel}","templated":true}]}}