{"id":21899,"date":"2015-12-16T12:38:40","date_gmt":"2015-12-16T12:38:40","guid":{"rendered":"http:\/\/www.fg.ull.es\/es\/?p=21899"},"modified":"2015-12-16T12:38:40","modified_gmt":"2015-12-16T12:38:40","slug":"clausura-del-proyecto-barrios-por-el-empleo-juntos-mas-fuertes-en-diferentes-actos","status":"publish","type":"post","link":"https:\/\/fg.ull.es\/hemeroteca\/2015\/12\/16\/clausura-del-proyecto-barrios-por-el-empleo-juntos-mas-fuertes-en-diferentes-actos\/","title":{"rendered":"Clausura del proyecto \u201cBarrios por el Empleo: Juntos m\u00e1s Fuertes\u201d en diferentes actos"},"content":{"rendered":"<h1><strong>Clausura del proyecto \u201c<em>Barrios por el Empleo: Juntos m\u00e1s Fuertes\u201d <\/em>en diferentes actos<\/strong><\/h1>\n<h4>Desde el pasado 14 de diciembre\u00a0y hasta el pr\u00f3ximo 18 de diciembre tendr\u00e1n lugar los actos de clausura del proyecto\u00a0<strong><em>Barrios por el Empleo: Juntos m\u00e1s Fuertes,<\/em><\/strong>\u00a0financiado por el Cabildo Insular de Tenerife y FIFEDE y gestionado por la Universidad de La Laguna a trav\u00e9s de su Fundaci\u00f3n General.<\/h4>\n<p>Las clausuras tendr\u00e1n lugar en los nodos de La Salud, Tegueste, Fasnia, Arico y Agache y San Isidro y sus respectivas extensiones.<br \/>\nHoy 16 de diciembre tendr\u00e1 lugar al acto de clausura de este proyecto para las zonas de Fasnia, Arico y Agache de 10:30 a 12 horas en el antiguo ayuntamiento de Fasnia, en la carretera Los Roques. Por su parte, los d\u00edas 14 y 15, tuvieron lugar los actos de clausura para Tegueste y su extensi\u00f3n y La Salud y su extensi\u00f3n, respectivamente. Por \u00faltimo, el pr\u00f3ximo 18 de diciembre, se llevar\u00e1 a cabo para el nodo de\u00a0 San Isidro, de 12 a 13:30 horas en antiguo convento franciscano San Luis Obispo, en la Plaza Gonz\u00e1lez Mena de Granadilla de Abona.<br \/>\nEl proyecto\u00a0<em>Barrios por el Empleo: Juntos m\u00e1s Fuertes<\/em>, gestionado por la Universidad de La Laguna a trav\u00e9s de su Fundaci\u00f3n General y financiados por el Cabildo de Tenerife y FIFEDE, finaliz\u00f3 con excelentes resultados que reflejan la inserci\u00f3n laboral de personas que han pasado por esta iniciativa en los \u00faltimos meses para completar un itinerario integrado de inserci\u00f3n laboral personalizado, que les ha llevado a formarse, para ocupar diferentes trabajos.<\/p>\n","protected":false},"excerpt":{"rendered":"<p>Desde el pasado 14 de diciembre y hasta el pr\u00f3ximo 18 de diciembre tendr\u00e1n lugar los actos de clausura del proyecto Barrios por el Empleo: Juntos m\u00e1s Fuertes, financiado por el Cabildo Insular de Tenerife y FIFEDE y gestionado por la Universidad de La Laguna a trav\u00e9s de su Fundaci\u00f3n General.<\/p>\n","protected":false},"author":35,"featured_media":21901,"comment_status":"closed","ping_status":"closed","sticky":false,"template":"","format":"standard","meta":{"footnotes":""},"categories":[3,13],"tags":[136,174,225,355,518,635,927,1242,1349,1396,1426],"featured_image_thumbnail_url":"https:\/\/fg.ull.es\/hemeroteca\/wp-content\/uploads\/sites\/14\/2015\/12\/Tarjeta-invitaci\u00f3n-clausura-Fasnia-300x187.jpg","_links":{"self":[{"href":"https:\/\/fg.ull.es\/hemeroteca\/wp-json\/wp\/v2\/posts\/21899"}],"collection":[{"href":"https:\/\/fg.ull.es\/hemeroteca\/wp-json\/wp\/v2\/posts"}],"about":[{"href":"https:\/\/fg.ull.es\/hemeroteca\/wp-json\/wp\/v2\/types\/post"}],"author":[{"embeddable":true,"href":"https:\/\/fg.ull.es\/hemeroteca\/wp-json\/wp\/v2\/users\/35"}],"replies":[{"embeddable":true,"href":"https:\/\/fg.ull.es\/hemeroteca\/wp-json\/wp\/v2\/comments?post=21899"}],"version-history":[{"count":0,"href":"https:\/\/fg.ull.es\/hemeroteca\/wp-json\/wp\/v2\/posts\/21899\/revisions"}],"wp:featuredmedia":[{"embeddable":true,"href":"https:\/\/fg.ull.es\/hemeroteca\/wp-json\/wp\/v2\/media\/21901"}],"wp:attachment":[{"href":"https:\/\/fg.ull.es\/hemeroteca\/wp-json\/wp\/v2\/media?parent=21899"}],"wp:term":[{"taxonomy":"category","embeddable":true,"href":"https:\/\/fg.ull.es\/hemeroteca\/wp-json\/wp\/v2\/categories?post=21899"},{"taxonomy":"post_tag","embeddable":true,"href":"https:\/\/fg.ull.es\/hemeroteca\/wp-json\/wp\/v2\/tags?post=21899"}],"curies":[{"name":"wp","href":"https:\/\/api.w.org\/{rel}","templated":true}]}}