{"id":21897,"date":"2015-12-16T13:51:45","date_gmt":"2015-12-16T13:51:45","guid":{"rendered":"http:\/\/www.fg.ull.es\/es\/?p=21897"},"modified":"2015-12-16T13:51:45","modified_gmt":"2015-12-16T13:51:45","slug":"la-facultad-de-ciencias-acoge-turistica-2015","status":"publish","type":"post","link":"https:\/\/fg.ull.es\/hemeroteca\/2015\/12\/16\/la-facultad-de-ciencias-acoge-turistica-2015\/","title":{"rendered":"La Facultad de Ciencias acoge TurisTICa 2015"},"content":{"rendered":"<h1><strong>La Facultad de Ciencias acoge TurisTICa 2015<\/strong><\/h1>\n<h4>Antonio Martin\u00f3n, rector de la Universidad de La Laguna, Carlos Alonso, presidente del Cabildo de Tenerife, junto con otros miembros de la instituci\u00f3n acad\u00e9mica, han inaugurado hoy, en el Aula Magna de la secci\u00f3n de F\u00edsica y Matem\u00e1ticas, la segunda edici\u00f3n de este congreso.<\/h4>\n<p>TurisTICa 2015 est\u00e1 organizado por la\u00a0<a href=\"http:\/\/catedraturismoull.blogspot.com.es\/\">C\u00e1tedra de Turismo CajaCanarias-ASHOTEL<\/a>\u00a0de la Universidad de La Laguna, la\u00a0<a href=\"http:\/\/www.redcide.es\/\">Red de Centros de Innovaci\u00f3n y Desarrollo Empresarial (Red Cide)<\/a>, \u00a0la Fundaci\u00f3n General Universidad de La Laguna, la Escuela Superior de Ingenier\u00eda y Tecnolog\u00eda de la Universidad de La Laguna y el Grupo Taro de la Universidad de La Laguna.<br \/>\nEstas jornadas son un punto de inflexi\u00f3n clave para los retos tecnol\u00f3gicos que se abordan en el binomio TIC-Turismo en un mundo global interconectado. Por su parte, Eduardo Parra, profesor de la Universidad de La Laguna y presidente de la Asociaci\u00f3n Espa\u00f1ola de Expertos Cient\u00edficos en Turismo (AECIT), explic\u00f3 al p\u00fablico asistente que \u201cuno de los elementos que tiene un papel claro es el viajero social, qui\u00e9n pr\u00e1cticamente se trata de un viajero infiel a la marca, totalmente informado, inmediato, internacional, interconectado y geolocalizado, las 24 horas y los siete d\u00edas a la semana, por lo que necesitamos las herramientas que dinamizan este concepto\u201d.<br \/>\nAdem\u00e1s, Carlos Alonso, valor\u00f3 TurisTICa como un impuso necesario que ofrece la Universidad al sector tur\u00edstico, que es \u201cprimordial para Tenerife que se focalice, como en estas jornadas, en relaci\u00f3n con la introducci\u00f3n de nuevas tecnolog\u00edas, que es un elemento en el presente y futuro de la actividad tur\u00edstica\u201d. Igualmente a\u00f1adi\u00f3 que \u201cno es la primera jornada, ha habido otras que asocian turismo y TIC y yo animo a la Universidad de La Laguna a que siga y que cuente con nuestro apoyo, que lo va a tener siempre, trabajando en mejorar la actividad tur\u00edstica a trav\u00e9s de aportar conocimiento y valor, como est\u00e1 haciendo hasta ahora\u201d.<br \/>\n&nbsp;<\/p>\n","protected":false},"excerpt":{"rendered":"<p>Antonio Martin\u00f3n, rector de la Universidad de La Laguna, Carlos Alonso, presidente del Cabildo de Tenerife, junto con otros miembros de la instituci\u00f3n acad\u00e9mica, han inaugurado hoy, en el Aula Magna de la secci\u00f3n de F\u00edsica y Matem\u00e1ticas, la segunda edici\u00f3n de este congreso.<\/p>\n","protected":false},"author":35,"featured_media":21896,"comment_status":"closed","ping_status":"closed","sticky":false,"template":"","format":"standard","meta":{"footnotes":""},"categories":[8,13],"tags":[165,291,892,1364,1393,1396,1426],"featured_image_thumbnail_url":"https:\/\/fg.ull.es\/hemeroteca\/wp-content\/uploads\/sites\/14\/2015\/12\/DSC_1250-300x201.jpg","_links":{"self":[{"href":"https:\/\/fg.ull.es\/hemeroteca\/wp-json\/wp\/v2\/posts\/21897"}],"collection":[{"href":"https:\/\/fg.ull.es\/hemeroteca\/wp-json\/wp\/v2\/posts"}],"about":[{"href":"https:\/\/fg.ull.es\/hemeroteca\/wp-json\/wp\/v2\/types\/post"}],"author":[{"embeddable":true,"href":"https:\/\/fg.ull.es\/hemeroteca\/wp-json\/wp\/v2\/users\/35"}],"replies":[{"embeddable":true,"href":"https:\/\/fg.ull.es\/hemeroteca\/wp-json\/wp\/v2\/comments?post=21897"}],"version-history":[{"count":0,"href":"https:\/\/fg.ull.es\/hemeroteca\/wp-json\/wp\/v2\/posts\/21897\/revisions"}],"wp:featuredmedia":[{"embeddable":true,"href":"https:\/\/fg.ull.es\/hemeroteca\/wp-json\/wp\/v2\/media\/21896"}],"wp:attachment":[{"href":"https:\/\/fg.ull.es\/hemeroteca\/wp-json\/wp\/v2\/media?parent=21897"}],"wp:term":[{"taxonomy":"category","embeddable":true,"href":"https:\/\/fg.ull.es\/hemeroteca\/wp-json\/wp\/v2\/categories?post=21897"},{"taxonomy":"post_tag","embeddable":true,"href":"https:\/\/fg.ull.es\/hemeroteca\/wp-json\/wp\/v2\/tags?post=21897"}],"curies":[{"name":"wp","href":"https:\/\/api.w.org\/{rel}","templated":true}]}}