{"id":21881,"date":"2015-12-15T14:30:28","date_gmt":"2015-12-15T14:30:28","guid":{"rendered":"http:\/\/www.fg.ull.es\/es\/?p=21881"},"modified":"2015-12-15T14:30:28","modified_gmt":"2015-12-15T14:30:28","slug":"hoy-concluye-el-seminario-potencia-tu-marca-personal-mediante-linkedin","status":"publish","type":"post","link":"https:\/\/fg.ull.es\/hemeroteca\/2015\/12\/15\/hoy-concluye-el-seminario-potencia-tu-marca-personal-mediante-linkedin\/","title":{"rendered":"Hoy concluye el seminario del programa Cataliza \u201cPotencia tu marca personal mediante Linkedin\u201d"},"content":{"rendered":"<h1><strong>Hoy concluye el seminario del programa Cataliza\u201c<\/strong><strong>Potencia tu marca personal mediante Linkedin\u201d<\/strong><\/h1>\n<h4>Ayer dio comienzo este curso enmarcado en las acciones formativas a realizar dentro del Programa Cataliza II perteneciente a la Universidad de La Laguna a trav\u00e9s de su Fundaci\u00f3n General, que concluir\u00e1 hoy en horario de 16:30 a 19:00 horas hasta completar un total de cinco horas.<\/h4>\n<p>Los objetivos que se ha trazado este programa con este curso son, entre otras, conocer las distintas estrategias y t\u00e9cnicas para definir y promocionar \u00a0nuestra marca personal y posicionarla en el mercado laboral mediante LinkedIn; utilizar nuestro perfil en LinkedIn para promocionar nuestra marca personal; ser sensibles a la situaci\u00f3n altamente competitiva del mercado laboral; ser conscientes de la importancia de crear y mantener nuestra reputaci\u00f3n digital para conseguir trabajo en el entorno actual.<br \/>\nUna vez comience el a\u00f1o 2016, el Programa Cataliza II realizar\u00e1 m\u00e1s seminarios de estas caracter\u00edsticas con diferentes tem\u00e1ticas. Hasta el momento, se han realizado los siguientes seminarios: marketing digital, software para la gesti\u00f3n de empresas, las redes sociales en la empresa, software para la gesti\u00f3n de equipos e introducci\u00f3n a las campa\u00f1as de publicidad digital.<\/p>\n","protected":false},"excerpt":{"rendered":"<p>Ayer dio comienzo este curso enmarcado en las acciones formativas a realizar dentro del Programa Cataliza II perteneciente a la Universidad de La Laguna a trav\u00e9s de su Fundaci\u00f3n General, que concluir\u00e1 hoy en horario de 16:30 a 19:00 horas hasta completar un total de cinco.<\/p>\n","protected":false},"author":35,"featured_media":21882,"comment_status":"closed","ping_status":"closed","sticky":false,"template":"","format":"standard","meta":{"footnotes":""},"categories":[5,13],"tags":[299,518,952,1396,1426],"featured_image_thumbnail_url":"https:\/\/fg.ull.es\/hemeroteca\/wp-content\/uploads\/sites\/14\/2015\/12\/DSC_1226-300x201.jpg","_links":{"self":[{"href":"https:\/\/fg.ull.es\/hemeroteca\/wp-json\/wp\/v2\/posts\/21881"}],"collection":[{"href":"https:\/\/fg.ull.es\/hemeroteca\/wp-json\/wp\/v2\/posts"}],"about":[{"href":"https:\/\/fg.ull.es\/hemeroteca\/wp-json\/wp\/v2\/types\/post"}],"author":[{"embeddable":true,"href":"https:\/\/fg.ull.es\/hemeroteca\/wp-json\/wp\/v2\/users\/35"}],"replies":[{"embeddable":true,"href":"https:\/\/fg.ull.es\/hemeroteca\/wp-json\/wp\/v2\/comments?post=21881"}],"version-history":[{"count":0,"href":"https:\/\/fg.ull.es\/hemeroteca\/wp-json\/wp\/v2\/posts\/21881\/revisions"}],"wp:featuredmedia":[{"embeddable":true,"href":"https:\/\/fg.ull.es\/hemeroteca\/wp-json\/wp\/v2\/media\/21882"}],"wp:attachment":[{"href":"https:\/\/fg.ull.es\/hemeroteca\/wp-json\/wp\/v2\/media?parent=21881"}],"wp:term":[{"taxonomy":"category","embeddable":true,"href":"https:\/\/fg.ull.es\/hemeroteca\/wp-json\/wp\/v2\/categories?post=21881"},{"taxonomy":"post_tag","embeddable":true,"href":"https:\/\/fg.ull.es\/hemeroteca\/wp-json\/wp\/v2\/tags?post=21881"}],"curies":[{"name":"wp","href":"https:\/\/api.w.org\/{rel}","templated":true}]}}