{"id":21872,"date":"2015-12-15T12:13:27","date_gmt":"2015-12-15T12:13:27","guid":{"rendered":"http:\/\/www.fg.ull.es\/es\/?p=21872"},"modified":"2015-12-15T12:13:27","modified_gmt":"2015-12-15T12:13:27","slug":"emprender-en-azul-y-verde-acerca-proyectos-multidisciplinarios","status":"publish","type":"post","link":"https:\/\/fg.ull.es\/hemeroteca\/2015\/12\/15\/emprender-en-azul-y-verde-acerca-proyectos-multidisciplinarios\/","title":{"rendered":"\u201cEmprender en azul y verde\u201d acerca proyectos multidisciplinarios"},"content":{"rendered":"<h1><strong>\u201cEmprender en azul y verde\u201d acerca proyectos multidisciplinarios<\/strong><\/h1>\n<h4>El pasado viernes, 11 de marzo, la\u00a0<a href=\"http:\/\/www.jovenesemprendedores.ull.es\/\">C\u00e1tedra Fundaci\u00f3n DISA de J\u00f3venes Emprendedores de la Universidad de La Laguna\u00a0<\/a>organiz\u00f3, junto con el\u00a0<a href=\"http:\/\/fg.ull.es\/emprendeull\/\">Proyecto de Fomento al Emprendimiento de la Universidad de La Laguna (Emprende.ULL)<\/a>\u00a0unas jornadas que con el t\u00edtulo &#8220;<strong>Emprendiendo en azul y verde&#8221; <\/strong>pretend\u00edan acercar, a trav\u00e9s de proyectos emprendedores, disciplinas en apariencia tan diferentes como la biolog\u00eda y la administraci\u00f3n y direcci\u00f3n de empresas.<\/h4>\n<p>Esta actividad, desarrollada en la Facultad de Econom\u00eda, Empresa y Turismo de la Universidad de La Laguna, tuvo como objetivo hacer reflexionar sobre la\u00a0necesidad de crear grupos multidisciplinares de trabajo a la hora de potenciar proyectos emprendedores.<br \/>\nEn las Jornadas participaron tres proyectos emprendedores desarrollados por licenciados en biolog\u00eda por la Universidad de La Laguna.\u00a0<strong>Laura C\u00e1ceres Sabater y Adal D\u00edaz Raya<\/strong>, que junto a\u00a0<strong>Iv\u00e1n Valbuena Abella son\u00a0<\/strong>promotores\u00a0de\u00a0<a href=\"http:\/\/www.dracosl.es\/\">Draco Soluciones Ambientales<\/a>, una empresa dedicada al dise\u00f1o, desarrollo y ejecuci\u00f3n de proyectos de Gesti\u00f3n y Educaci\u00f3n Ambiental, que adem\u00e1s recibieron el pasado 3\u00a0de diciembre el segundo premio en el <a href=\"http:\/\/fg.ull.es\/emprendelalaguna\/\">Foro Emprende La Laguna<\/a>, un proyecto de la Universidad de La Laguna gestionado a trav\u00e9s de su Fundaci\u00f3n General.\u00a0<strong>Sandra Marrero Casa\u00f1as, <\/strong>que\u00a0desarrolla proyectos con\u00a0<a href=\"http:\/\/teamlabs.es\/\">Teamlabs<\/a>\u00a0para introducir nuevas metodolog\u00edas de aprendizaje y nuevas maneras de hacer en el \u00e1mbito empresarial, acad\u00e9mico e institucional. Y\u00a0<strong>Manuel Alejandro Ruiz<\/strong>, promotor de\u00a0<a href=\"http:\/\/ecoscanarias.com\/\">Ecosestudios Ambientales y Oceanograf\u00eda<\/a>\u00a0y del\u00a0<a href=\"http:\/\/www.marinepark.es\/\">Espacio de Innovaci\u00f3n Marina Demarinepark<\/a>, el primer espacio de trabajo colaborativo puesto en marcha en Espa\u00f1a.<\/p>\n","protected":false},"excerpt":{"rendered":"<p>El pasado viernes, 11 de marzo, la C\u00e1tedra Fundaci\u00f3n DISA de J\u00f3venes Emprendedores de la Universidad de La Laguna organiz\u00f3, junto con el Proyecto de Fomento al Emprendimiento de la Universidad de La Laguna (Emprende.ULL) unas jornadas que con el t\u00edtulo &#8220;Emprendiendo en azul y verde&#8221; pretend\u00edan acercar, a trav\u00e9s de proyectos emprendedores, disciplinas en apariencia tan diferentes como la biolog\u00eda y la administraci\u00f3n y direcci\u00f3n de empresas.<\/p>\n","protected":false},"author":35,"featured_media":21873,"comment_status":"closed","ping_status":"closed","sticky":false,"template":"","format":"standard","meta":{"footnotes":""},"categories":[3,13],"tags":[219,435,463,483,535,1341,1396,1426],"featured_image_thumbnail_url":"https:\/\/fg.ull.es\/hemeroteca\/wp-content\/uploads\/sites\/14\/2015\/12\/b043bd9a-cc0f-4f31-b1e5-7e4d80df7683-300x200.jpg","_links":{"self":[{"href":"https:\/\/fg.ull.es\/hemeroteca\/wp-json\/wp\/v2\/posts\/21872"}],"collection":[{"href":"https:\/\/fg.ull.es\/hemeroteca\/wp-json\/wp\/v2\/posts"}],"about":[{"href":"https:\/\/fg.ull.es\/hemeroteca\/wp-json\/wp\/v2\/types\/post"}],"author":[{"embeddable":true,"href":"https:\/\/fg.ull.es\/hemeroteca\/wp-json\/wp\/v2\/users\/35"}],"replies":[{"embeddable":true,"href":"https:\/\/fg.ull.es\/hemeroteca\/wp-json\/wp\/v2\/comments?post=21872"}],"version-history":[{"count":0,"href":"https:\/\/fg.ull.es\/hemeroteca\/wp-json\/wp\/v2\/posts\/21872\/revisions"}],"wp:featuredmedia":[{"embeddable":true,"href":"https:\/\/fg.ull.es\/hemeroteca\/wp-json\/wp\/v2\/media\/21873"}],"wp:attachment":[{"href":"https:\/\/fg.ull.es\/hemeroteca\/wp-json\/wp\/v2\/media?parent=21872"}],"wp:term":[{"taxonomy":"category","embeddable":true,"href":"https:\/\/fg.ull.es\/hemeroteca\/wp-json\/wp\/v2\/categories?post=21872"},{"taxonomy":"post_tag","embeddable":true,"href":"https:\/\/fg.ull.es\/hemeroteca\/wp-json\/wp\/v2\/tags?post=21872"}],"curies":[{"name":"wp","href":"https:\/\/api.w.org\/{rel}","templated":true}]}}