{"id":21852,"date":"2015-12-14T10:05:03","date_gmt":"2015-12-14T10:05:03","guid":{"rendered":"http:\/\/www.fg.ull.es\/es\/?p=21852"},"modified":"2015-12-14T10:05:03","modified_gmt":"2015-12-14T10:05:03","slug":"candelaria-acoge-el-proyecto-de-impresion-digital-movefab","status":"publish","type":"post","link":"https:\/\/fg.ull.es\/hemeroteca\/2015\/12\/14\/candelaria-acoge-el-proyecto-de-impresion-digital-movefab\/","title":{"rendered":"Candelaria acoge el proyecto de impresi\u00f3n digital MOVEFAB"},"content":{"rendered":"<h1><strong>Candelaria acoge el proyecto de impresi\u00f3n digital MOVEFAB<\/strong><\/h1>\n<h4>Los pr\u00f3ximos 16 y\u00a017 de diciembre tendr\u00e1 lugar, de manera gratuita, estas jornadas en el centro de juventud de Candelaria para acercar a los j\u00f3venes a este campo que cada d\u00eda es m\u00e1s imprescindible.<\/h4>\n<p>En esta ocasi\u00f3n, los institutos Santa Ana y Punta Larga tendr\u00e1n la oportunidad de conocer de cerca las ventajas que presenta MOVEFAB los d\u00edas 16 y 17 de este mes, respectivamente. Se trata de un proyecto de la Universidad de La Laguna desarrollado a trav\u00e9s de su Fundaci\u00f3n General, que propone mediante una exposici\u00f3n itinerante y una serie de actividades formativas asociadas, difundir en la sociedad en general, las tecnolog\u00edas, herramientas, procesos, dispositivos, etc. que permiten el dise\u00f1o y la fabricaci\u00f3n con las distintas herramientas digitales, capaces de activar otras formas de pensar sobre los medios de producci\u00f3n.<br \/>\n<iframe loading=\"lazy\" src=\"https:\/\/player.vimeo.com\/video\/94226772\" width=\"750\" height=\"422\" frameborder=\"0\" title=\"Movefab: Programa piloto de fomento de la creatividad y el talento a trav&eacute;s de la fabricaci&oacute;n digital\" webkitallowfullscreen mozallowfullscreen allowfullscreen><\/iframe><br \/>\nEsta jornada se presenta como una actividad encaminada a que los asistentes conozcan m\u00e1s de cerca las distintas situaciones que podemos encontrarnos dentro de este mundo tan tecnol\u00f3gico en el que vivimos. Con esta actuaci\u00f3n el proyecto MOVEFAB cierra su ciclo hasta el pr\u00f3ximo 2016.<\/p>\n","protected":false},"excerpt":{"rendered":"<p>El pr\u00f3ximo 17 de diciembre tendr\u00e1 lugar, de manera gratuita, esta jornada en el centro de juventud de Candelaria para acercar a los j\u00f3venes a este campo que cada d\u00eda es m\u00e1s imprescindible.<\/p>\n","protected":false},"author":35,"featured_media":18137,"comment_status":"closed","ping_status":"closed","sticky":false,"template":"","format":"standard","meta":{"footnotes":""},"categories":[8,13],"tags":[287,672,1018,1396,1426],"featured_image_thumbnail_url":"https:\/\/fg.ull.es\/hemeroteca\/wp-content\/uploads\/sites\/14\/2015\/06\/movefabpng-300x211.png","_links":{"self":[{"href":"https:\/\/fg.ull.es\/hemeroteca\/wp-json\/wp\/v2\/posts\/21852"}],"collection":[{"href":"https:\/\/fg.ull.es\/hemeroteca\/wp-json\/wp\/v2\/posts"}],"about":[{"href":"https:\/\/fg.ull.es\/hemeroteca\/wp-json\/wp\/v2\/types\/post"}],"author":[{"embeddable":true,"href":"https:\/\/fg.ull.es\/hemeroteca\/wp-json\/wp\/v2\/users\/35"}],"replies":[{"embeddable":true,"href":"https:\/\/fg.ull.es\/hemeroteca\/wp-json\/wp\/v2\/comments?post=21852"}],"version-history":[{"count":0,"href":"https:\/\/fg.ull.es\/hemeroteca\/wp-json\/wp\/v2\/posts\/21852\/revisions"}],"wp:featuredmedia":[{"embeddable":true,"href":"https:\/\/fg.ull.es\/hemeroteca\/wp-json\/wp\/v2\/media\/18137"}],"wp:attachment":[{"href":"https:\/\/fg.ull.es\/hemeroteca\/wp-json\/wp\/v2\/media?parent=21852"}],"wp:term":[{"taxonomy":"category","embeddable":true,"href":"https:\/\/fg.ull.es\/hemeroteca\/wp-json\/wp\/v2\/categories?post=21852"},{"taxonomy":"post_tag","embeddable":true,"href":"https:\/\/fg.ull.es\/hemeroteca\/wp-json\/wp\/v2\/tags?post=21852"}],"curies":[{"name":"wp","href":"https:\/\/api.w.org\/{rel}","templated":true}]}}