{"id":21838,"date":"2015-12-11T14:02:49","date_gmt":"2015-12-11T14:02:49","guid":{"rendered":"http:\/\/www.fg.ull.es\/es\/?p=21838"},"modified":"2015-12-11T14:02:49","modified_gmt":"2015-12-11T14:02:49","slug":"la-facultad-de-matematicas-acogio-habilidades-para-superar-las-entrevistas-de-seleccion","status":"publish","type":"post","link":"https:\/\/fg.ull.es\/hemeroteca\/2015\/12\/11\/la-facultad-de-matematicas-acogio-habilidades-para-superar-las-entrevistas-de-seleccion\/","title":{"rendered":"La Facultad de Matem\u00e1ticas acogi\u00f3 el taller &#034;Habilidades para superar las entrevistas de selecci\u00f3n&#034;"},"content":{"rendered":"<h1><strong>La Facultad de Matem\u00e1ticas acogi\u00f3 el taller\u00a0<\/strong><strong>&#8220;Habilidades para superar las entrevistas de selecci\u00f3n&#8221;<\/strong><\/h1>\n<h4>El alumnado de esta facultad, recibi\u00f3 hoy d\u00eda 11 de diciembre una charla sobre m\u00e9todos \u00fatiles que puedan ayudar a j\u00f3venes a conocer c\u00f3mo abordar un proceso de selecci\u00f3n laboral.<\/h4>\n<p>El t\u00e9cnico de orientaci\u00f3n Alexis Betancor fue el encargado de exponer ante el alumnado de matem\u00e1ticas una charla sobre &#8220;habilidades para superar las entrevistas de selecci\u00f3n&#8221; dentro del plan de formaci\u00f3n del programa <a href=\"http:\/\/fg.ull.es\/empleo\/itinera\/\">Itinera<\/a>, una iniciativa de la Universidad de La laguna a trav\u00e9s de su Fundaci\u00f3n General.<br \/>\nEl<strong>\u00a0<\/strong><strong><a href=\"http:\/\/fg.ull.es\/empleo\/itinera\/\">programa de orientaci\u00f3n laboral\u00a0<em>Itinera<\/em><em>\u00a0<\/em><\/a><\/strong>es un servicio totalmente gratuito dirigido a estudiantes, titulados\/as de nivel universitario y de ciclos formativos y personas con certificado de profesionalidad, cuyo <strong>objetivo<\/strong>\u00a0es mejorar la empleabilidad de las personas beneficiarias a trav\u00e9s de una entrevista inicial y de un itinerario personalizado de inserci\u00f3n.<br \/>\nAdem\u00e1s, el periodo de inscripci\u00f3n para este programa en el mes de diciembre contin\u00faa abierto. Las personas interesadas en formalizar la inscripci\u00f3n pueden hacerlo acudiendo de manera presencial a la\u00a0<strong><a href=\"http:\/\/fg.ull.es\/empleo\">Agencia Universitaria de Empleo<\/a><\/strong>\u00a0de la Fundaci\u00f3n o a las oficinas de empleo para ser derivadas, llamando al 922 31 89 76 o a trav\u00e9s del email orientate@fg.ull.es. Adem\u00e1s, se puede solicitar<strong><a href=\"https:\/\/sede.fg.ull.es\/es\/orientacion\/detalle\/a15040003\/solicitud-de-matricula-itinera-2015-2016\">\u00a0cita previa para\u00a0<em>Itinera<\/em>\u00a0a trav\u00e9s de la sede electr\u00f3nica de la Fundaci\u00f3n<\/a><\/strong>.<\/p>\n","protected":false},"excerpt":{"rendered":"<p>El alumnado de esta facultad, recibi\u00f3 hoy d\u00eda 11 de diciembre una charla sobre m\u00e9todos \u00fatiles que puedan ayudar a j\u00f3venes a conocer c\u00f3mo abordar un proceso de selecci\u00f3n laboral.<\/p>\n","protected":false},"author":35,"featured_media":21839,"comment_status":"closed","ping_status":"closed","sticky":false,"template":"","format":"standard","meta":{"footnotes":""},"categories":[5,13],"tags":[567,756,872,985,1264,1396,1426],"featured_image_thumbnail_url":"https:\/\/fg.ull.es\/hemeroteca\/wp-content\/uploads\/sites\/14\/2015\/12\/DSCN0190-300x225.jpg","_links":{"self":[{"href":"https:\/\/fg.ull.es\/hemeroteca\/wp-json\/wp\/v2\/posts\/21838"}],"collection":[{"href":"https:\/\/fg.ull.es\/hemeroteca\/wp-json\/wp\/v2\/posts"}],"about":[{"href":"https:\/\/fg.ull.es\/hemeroteca\/wp-json\/wp\/v2\/types\/post"}],"author":[{"embeddable":true,"href":"https:\/\/fg.ull.es\/hemeroteca\/wp-json\/wp\/v2\/users\/35"}],"replies":[{"embeddable":true,"href":"https:\/\/fg.ull.es\/hemeroteca\/wp-json\/wp\/v2\/comments?post=21838"}],"version-history":[{"count":0,"href":"https:\/\/fg.ull.es\/hemeroteca\/wp-json\/wp\/v2\/posts\/21838\/revisions"}],"wp:featuredmedia":[{"embeddable":true,"href":"https:\/\/fg.ull.es\/hemeroteca\/wp-json\/wp\/v2\/media\/21839"}],"wp:attachment":[{"href":"https:\/\/fg.ull.es\/hemeroteca\/wp-json\/wp\/v2\/media?parent=21838"}],"wp:term":[{"taxonomy":"category","embeddable":true,"href":"https:\/\/fg.ull.es\/hemeroteca\/wp-json\/wp\/v2\/categories?post=21838"},{"taxonomy":"post_tag","embeddable":true,"href":"https:\/\/fg.ull.es\/hemeroteca\/wp-json\/wp\/v2\/tags?post=21838"}],"curies":[{"name":"wp","href":"https:\/\/api.w.org\/{rel}","templated":true}]}}