{"id":21828,"date":"2015-12-10T13:38:04","date_gmt":"2015-12-10T13:38:04","guid":{"rendered":"http:\/\/www.fg.ull.es\/es\/?p=21828"},"modified":"2015-12-10T13:38:04","modified_gmt":"2015-12-10T13:38:04","slug":"fundacion-disa-presenta-la-jornada-emprender-en-azul-y-verde","status":"publish","type":"post","link":"https:\/\/fg.ull.es\/hemeroteca\/2015\/12\/10\/fundacion-disa-presenta-la-jornada-emprender-en-azul-y-verde\/","title":{"rendered":"Fundaci\u00f3n DISA de J\u00f3venes Emprendedores presenta la Jornada &#034;Emprender en azul y verde&#034;"},"content":{"rendered":"<h1><strong>Fundaci\u00f3n DISA de j\u00f3venes emprendedores presenta la Jornada: Emprender en azul y verde<\/strong><\/h1>\n<h4>Tendr\u00e1 lugar hoy,\u00a011 de diciembre de 2015, en el Aula Magna de la Facultad de Econom\u00eda, Empresa y Turismo de la Universidad de La Laguna, de manera gratuita, para facilitar encuentros entre alumnos\/as de distintas disciplinas a la hora de plantear alternativas emprendedoras.<\/h4>\n<p>Emprender en azul y verde es un proyecto que se presenta desde la <a href=\"http:\/\/www.jovenesemprendedores.ull.es\/\">C\u00e1tedra Fundaci\u00f3n DISA de J\u00f3venes Emprendedores de la Universidad de La Laguna<\/a> para buscar sinergias entre emprendedores de diferentes \u00e1reas disciplinarias. En este caso, estar\u00e1n en contacto alumnado de Administraci\u00f3n y Direcci\u00f3n de Empresas con Bi\u00f3logos especializados en diferentes \u00e1mbitos con el \u00e1nimo de plantear posibles l\u00edneas de colaboraci\u00f3n.<br \/>\nEl acto dar\u00e1 comienzo a las 9:30 horas con la recepci\u00f3n y bienvenida de la responsable de la <a href=\"http:\/\/fg.ull.es\/empleo\/\">Agencia Universitaria de Empleo de la Universidad de La Laguna<\/a>, In\u00e9s Ruiz.<br \/>\nPosteriormente, los asistentes conocer\u00e1n de primera mano la experiencia de <em><a href=\"http:\/\/www.dracosl.es\/\">Draco soluciones ambientales<\/a><\/em>, una empresa dedicada al dise\u00f1o, desarrollo y ejecuci\u00f3n de proyectos de gesti\u00f3n y educaci\u00f3n ambiental con Laura C\u00e1ceres Sabater y Adal D\u00edaz Raya, Licenciados en Biolog\u00eda por la Universidad de La Laguna y junto a Iv\u00e1n Valbuena Abella, los tres son T\u00e9cnicos Superiores en Educaci\u00f3n y Control. Tambi\u00e9n estar\u00e1 presente Sandra Marrero Casa\u00f1as, Licenciada en Biolog\u00eda por la Universidad de La Laguna, especialista en biotecnolog\u00eda de la reproducci\u00f3n humana asistida; actualmente desarrolla proyectos con <em><a href=\"http:\/\/teamlabs.es\/\">Teamlabs<\/a><\/em> para introducir nuevas metodolog\u00edas de aprendizaje y nuevas maneras de hacer en el \u00e1mbito empresarial, acad\u00e9mico e institucional. Por \u00faltimo, intervendr\u00e1 Manuel Alejandro Ruiz, Licenciado en Biolog\u00eda por la Universidad de La Laguna, y promotor de <em><a href=\"http:\/\/ecoscanarias.com\/\">Ecos Estudios Ambientales y Oceanograf\u00eda<\/a> <\/em>y del <em><a href=\"http:\/\/www.marinepark.es\/\">Espacio de Innovaci\u00f3n Marina de Marinepark<\/a><\/em>.<\/p>\n","protected":false},"excerpt":{"rendered":"<p>Tendr\u00e1 lugar ma\u00f1ana 11 de diciembre de 2015 en el Aula Magna de la Facultad de Econom\u00eda, Empresa y Turismo de la Universidad de La Laguna, de manera gratuita, para facilitar encuentros entre alumnos\/as de distintas disciplinas a la hora de plantear alternativas emprendedoras.<\/p>\n","protected":false},"author":35,"featured_media":21829,"comment_status":"closed","ping_status":"closed","sticky":false,"template":"","format":"standard","meta":{"footnotes":""},"categories":[3,13],"tags":[243,535,698,821,1396,1426],"featured_image_thumbnail_url":"https:\/\/fg.ull.es\/hemeroteca\/wp-content\/uploads\/sites\/14\/2015\/12\/FD-300x140.png","_links":{"self":[{"href":"https:\/\/fg.ull.es\/hemeroteca\/wp-json\/wp\/v2\/posts\/21828"}],"collection":[{"href":"https:\/\/fg.ull.es\/hemeroteca\/wp-json\/wp\/v2\/posts"}],"about":[{"href":"https:\/\/fg.ull.es\/hemeroteca\/wp-json\/wp\/v2\/types\/post"}],"author":[{"embeddable":true,"href":"https:\/\/fg.ull.es\/hemeroteca\/wp-json\/wp\/v2\/users\/35"}],"replies":[{"embeddable":true,"href":"https:\/\/fg.ull.es\/hemeroteca\/wp-json\/wp\/v2\/comments?post=21828"}],"version-history":[{"count":0,"href":"https:\/\/fg.ull.es\/hemeroteca\/wp-json\/wp\/v2\/posts\/21828\/revisions"}],"wp:featuredmedia":[{"embeddable":true,"href":"https:\/\/fg.ull.es\/hemeroteca\/wp-json\/wp\/v2\/media\/21829"}],"wp:attachment":[{"href":"https:\/\/fg.ull.es\/hemeroteca\/wp-json\/wp\/v2\/media?parent=21828"}],"wp:term":[{"taxonomy":"category","embeddable":true,"href":"https:\/\/fg.ull.es\/hemeroteca\/wp-json\/wp\/v2\/categories?post=21828"},{"taxonomy":"post_tag","embeddable":true,"href":"https:\/\/fg.ull.es\/hemeroteca\/wp-json\/wp\/v2\/tags?post=21828"}],"curies":[{"name":"wp","href":"https:\/\/api.w.org\/{rel}","templated":true}]}}