{"id":21817,"date":"2015-12-10T10:22:14","date_gmt":"2015-12-10T10:22:14","guid":{"rendered":"http:\/\/www.fg.ull.es\/es\/?p=21817"},"modified":"2015-12-10T10:22:14","modified_gmt":"2015-12-10T10:22:14","slug":"el-servicio-de-orientacion-laboral-itinera-para-el-apoyo-en-la-busqueda-de-empleo-continua-la-inscripcion-durante-el-mes-de-diciembre","status":"publish","type":"post","link":"https:\/\/fg.ull.es\/hemeroteca\/2015\/12\/10\/el-servicio-de-orientacion-laboral-itinera-para-el-apoyo-en-la-busqueda-de-empleo-continua-la-inscripcion-durante-el-mes-de-diciembre\/","title":{"rendered":"El servicio de orientaci\u00f3n laboral Itinera para el apoyo en la b\u00fasqueda de empleo contin\u00faa la inscripci\u00f3n durante el mes de diciembre"},"content":{"rendered":"<h1><strong>El servicio de orientaci\u00f3n laboral <em>Itinera<\/em> para el apoyo en la b\u00fasqueda de empleo contin\u00faa la inscripci\u00f3n durante el mes de diciembre <\/strong><\/h1>\n<h4>El programa dirigido a estudiantes, titulados\/as de nivel universitario y de ciclos formativos y personas con certificado de profesionalidad, est\u00e1 destinado a mejorar la empleabilidad y personalizar el itinerario de inserci\u00f3n laboral de los candidatos y candidatas.<\/h4>\n<p>El<strong> <a href=\"http:\/\/fg.ull.es\/empleo\/itinera\/\" target=\"_blank\" rel=\"noopener noreferrer\">servicio de orientaci\u00f3n laboral <em>Itinera <\/em><\/a><\/strong>mantiene abierto su periodo de inscripci\u00f3n para el mes de diciembre. Se trata de un servicio totalmente gratuito dirigido a estudiantes, titulados\/as de nivel universitario y de ciclos formativos y personas con certificado de profesionalidad. El <strong>objetivo<\/strong> es mejorar la empleabilidad de las personas beneficiarias a trav\u00e9s de una entrevista inicial y de un itinerario personalizado de inserci\u00f3n.<br \/>\nA su vez, en esa gesti\u00f3n personalizada de inserci\u00f3n se ofrece una serie de cinco talleres pr\u00e1cticos, con tem\u00e1ticas que van desde el dise\u00f1o de un proyecto profesional, la elaboraci\u00f3n del curr\u00edculum vitae y cartas de presentaci\u00f3n o la comunicaci\u00f3n en el entorno laboral, como parte del proceso fundamental y b\u00e1sico para hacer frente al mundo laboral. Tambi\u00e9n se aportan consejos para afrontar una entrevista de trabajo y las diferentes pruebas con que se pueden encontrar los aspirantes durante un proceso de selecci\u00f3n. Por \u00faltimo, se llevar\u00e1 a cabo una \u201cvaloraci\u00f3n final\u201d cuyo fin es conocer si la persona a la que se le ha propuesto un itinerario personalizado de inserci\u00f3n ha logrado el objetivo inicial, mejorando de este modo su nivel de empleabilidad.<br \/>\nLas personas interesadas en formalizar la inscripci\u00f3n pueden hacerlo acudiendo de manera presencial a la <strong><a href=\"http:\/\/fg.ull.es\/empleo\" target=\"_blank\" rel=\"noopener noreferrer\">Agencia Universitaria de Empleo<\/a><\/strong> de la Fundaci\u00f3n o a las oficinas de empleo para ser derivadas, llamando al 922 31 89 76 o a trav\u00e9s del email orientate@fg.ull.es. Adem\u00e1s, se puede solicitar<strong><a href=\"https:\/\/sede.fg.ull.es\/es\/orientacion\/detalle\/a15040003\/solicitud-de-matricula-itinera-2015-2016\" target=\"_blank\" rel=\"noopener noreferrer\"> cita previa para <em>Itinera<\/em> a trav\u00e9s de la sede electr\u00f3nica de la Fundaci\u00f3n<\/a><\/strong>.<br \/>\nEstas acciones se encuentran enmarcadas dentro del Plan Universitario de Empleo 2015-2016 y est\u00e1n cofinanciadas por el Servicio Canario de Empleo del Gobierno de Canarias y el Fondo Social Europeo. La gesti\u00f3n corre a cargo de la Universidad de La Laguna a trav\u00e9s de su Fundaci\u00f3n General.<br \/>\n<strong>Puedes conocer m\u00e1s acerca de <em>Itinera <\/em><\/strong><a href=\"http:\/\/fg.ull.es\/empleo\/itinera\/\">AQU\u00cd<\/a>.<\/p>\n","protected":false},"excerpt":{"rendered":"<p>El programa dirigido a estudiantes, titulados\/as de nivel universitario y de ciclos formativos y personas con certificado de profesionalidad, est\u00e1 destinado a mejorar la empleabilidad y personalizar el itinerario de inserci\u00f3n laboral de los candidatos y candidatas.<\/p>\n","protected":false},"author":35,"featured_media":21819,"comment_status":"closed","ping_status":"closed","sticky":false,"template":"","format":"standard","meta":{"footnotes":""},"categories":[3,13],"tags":[518,826,872,1396,1426],"featured_image_thumbnail_url":"https:\/\/fg.ull.es\/hemeroteca\/wp-content\/uploads\/sites\/14\/2015\/12\/banner500x200px_1-300x120.png","_links":{"self":[{"href":"https:\/\/fg.ull.es\/hemeroteca\/wp-json\/wp\/v2\/posts\/21817"}],"collection":[{"href":"https:\/\/fg.ull.es\/hemeroteca\/wp-json\/wp\/v2\/posts"}],"about":[{"href":"https:\/\/fg.ull.es\/hemeroteca\/wp-json\/wp\/v2\/types\/post"}],"author":[{"embeddable":true,"href":"https:\/\/fg.ull.es\/hemeroteca\/wp-json\/wp\/v2\/users\/35"}],"replies":[{"embeddable":true,"href":"https:\/\/fg.ull.es\/hemeroteca\/wp-json\/wp\/v2\/comments?post=21817"}],"version-history":[{"count":0,"href":"https:\/\/fg.ull.es\/hemeroteca\/wp-json\/wp\/v2\/posts\/21817\/revisions"}],"wp:featuredmedia":[{"embeddable":true,"href":"https:\/\/fg.ull.es\/hemeroteca\/wp-json\/wp\/v2\/media\/21819"}],"wp:attachment":[{"href":"https:\/\/fg.ull.es\/hemeroteca\/wp-json\/wp\/v2\/media?parent=21817"}],"wp:term":[{"taxonomy":"category","embeddable":true,"href":"https:\/\/fg.ull.es\/hemeroteca\/wp-json\/wp\/v2\/categories?post=21817"},{"taxonomy":"post_tag","embeddable":true,"href":"https:\/\/fg.ull.es\/hemeroteca\/wp-json\/wp\/v2\/tags?post=21817"}],"curies":[{"name":"wp","href":"https:\/\/api.w.org\/{rel}","templated":true}]}}