{"id":21789,"date":"2015-12-09T10:07:12","date_gmt":"2015-12-09T10:07:12","guid":{"rendered":"http:\/\/www.fg.ull.es\/es\/?p=21789"},"modified":"2015-12-09T10:07:12","modified_gmt":"2015-12-09T10:07:12","slug":"publicacion-del-segundo-listado-definitivo-de-candidaturas-aceptadas-y-excluidas-para-la-concesion-de-4-becas-de-movilidad-para-el-programa-servicio-voluntario-europeo-en-sri-lanka-indonesia-chile-o","status":"publish","type":"post","link":"https:\/\/fg.ull.es\/hemeroteca\/2015\/12\/09\/publicacion-del-segundo-listado-definitivo-de-candidaturas-aceptadas-y-excluidas-para-la-concesion-de-4-becas-de-movilidad-para-el-programa-servicio-voluntario-europeo-en-sri-lanka-indonesia-chile-o\/","title":{"rendered":"Publicaci\u00f3n del segundo listado definitivo de candidaturas aceptadas y excluidas para la concesi\u00f3n de 4 becas de movilidad para el programa Servicio Voluntario Europeo en Sri lanka, Indonesia, Chile o Islas salom\u00f3n dentro del marco del proyecto \u201cSTARS\u201d"},"content":{"rendered":"<h1><strong>Publicaci\u00f3n del segundo listado definitivo de candidaturas aceptadas y excluidas para la concesi\u00f3n de 4 becas de movilidad para el programa Servicio Voluntario Europeo en Sri lanka, Indonesia, Chile o Islas salom\u00f3n dentro del marco del proyecto \u201cSTARS\u201d<\/strong><\/h1>\n<p><span style=\"font-size: 13.5pt;font-family: 'Trebuchet MS',sans-serif;color: #282828;letter-spacing: .75pt;font-weight: normal\">Con esta publicaci\u00f3n se cierra el proceso de selecci\u00f3n de las personas que recibir\u00e1n las becas de movilidad para el programa Servicio Voluntario Europeo en Sri Lanka, Indonesia, Chile o Islas Salom\u00f3n.<\/span><br \/>\nFinalizado el periodo de alegaciones, se procede a publicar el segundo listado definitivo de candidaturas aceptadas y excluidas con su motivo, para para la concesi\u00f3n de 4 becas de movilidad para el programa Servicio Voluntario Europeo en Sri lanka, Indonesia, Chile o Islas salom\u00f3n dentro del marco del proyecto \u201cSTARS\u201d<br \/>\n<a href=\"http:\/\/www.fg.ull.es\/wp-content\/uploads\/2015\/12\/Segundo-listado-definitivo.pdf\">(Consulta el listado aqu\u00ed)<\/a><br \/>\n&nbsp;<br \/>\nPara la valoraci\u00f3n de todas y cada una de las candidaturas, y de los futuros procesos, se ha tomado como fundamento lo especificado en:<\/p>\n<ol>\n<li><strong><a href=\"http:\/\/www.fg.ull.es\/wp-content\/uploads\/2015\/11\/Bases-STARS_ready.pdf\">Bases singulares<\/a><\/strong><\/li>\n<li><strong><a href=\"http:\/\/www.fg.ull.es\/wp-content\/uploads\/2015\/11\/Ficha-informativa-STARS_ready-1.pdf\">Ficha informativa<\/a><\/strong><\/li>\n<\/ol>\n","protected":false},"excerpt":{"rendered":"<p>Con esta publicaci\u00f3n se cierra el proceso de selecci\u00f3n de las personas que recibir\u00e1n las becas de movilidad para el programa Servicio Voluntario Europeo en Sri Lanka, Indonesia, Chile o Islas Salom\u00f3n.<\/p>\n","protected":false},"author":35,"featured_media":21425,"comment_status":"closed","ping_status":"closed","sticky":false,"template":"","format":"standard","meta":{"footnotes":""},"categories":[1],"tags":[433,954,1019,1314,1396,1426],"featured_image_thumbnail_url":"https:\/\/fg.ull.es\/hemeroteca\/wp-content\/uploads\/sites\/14\/2015\/11\/STARS-300x300.jpg","_links":{"self":[{"href":"https:\/\/fg.ull.es\/hemeroteca\/wp-json\/wp\/v2\/posts\/21789"}],"collection":[{"href":"https:\/\/fg.ull.es\/hemeroteca\/wp-json\/wp\/v2\/posts"}],"about":[{"href":"https:\/\/fg.ull.es\/hemeroteca\/wp-json\/wp\/v2\/types\/post"}],"author":[{"embeddable":true,"href":"https:\/\/fg.ull.es\/hemeroteca\/wp-json\/wp\/v2\/users\/35"}],"replies":[{"embeddable":true,"href":"https:\/\/fg.ull.es\/hemeroteca\/wp-json\/wp\/v2\/comments?post=21789"}],"version-history":[{"count":0,"href":"https:\/\/fg.ull.es\/hemeroteca\/wp-json\/wp\/v2\/posts\/21789\/revisions"}],"wp:featuredmedia":[{"embeddable":true,"href":"https:\/\/fg.ull.es\/hemeroteca\/wp-json\/wp\/v2\/media\/21425"}],"wp:attachment":[{"href":"https:\/\/fg.ull.es\/hemeroteca\/wp-json\/wp\/v2\/media?parent=21789"}],"wp:term":[{"taxonomy":"category","embeddable":true,"href":"https:\/\/fg.ull.es\/hemeroteca\/wp-json\/wp\/v2\/categories?post=21789"},{"taxonomy":"post_tag","embeddable":true,"href":"https:\/\/fg.ull.es\/hemeroteca\/wp-json\/wp\/v2\/tags?post=21789"}],"curies":[{"name":"wp","href":"https:\/\/api.w.org\/{rel}","templated":true}]}}