{"id":21786,"date":"2015-12-09T09:26:01","date_gmt":"2015-12-09T09:26:01","guid":{"rendered":"http:\/\/www.fg.ull.es\/es\/?p=21786"},"modified":"2015-12-09T09:26:01","modified_gmt":"2015-12-09T09:26:01","slug":"clausura-del-curso-de-iniciativa-emprendedora-de-la-eoi","status":"publish","type":"post","link":"https:\/\/fg.ull.es\/hemeroteca\/2015\/12\/09\/clausura-del-curso-de-iniciativa-emprendedora-de-la-eoi\/","title":{"rendered":"Clausura del curso de Iniciativa Emprendedora de la EOI"},"content":{"rendered":"<h1><strong>Clausura del curso de Iniciativa Emprendedora de la EOI\u00a0<\/strong><\/h1>\n<p>Este programa de alcance nacional puesto en marcha por la Secretar\u00eda General de Industria y de la PYME del Ministerio de Industria, Energ\u00eda y Turismo, y la Secretar\u00eda General de Universidades del Ministerio de Educaci\u00f3n, Cultura y Deporte, a trav\u00e9s de la\u00a0<a href=\"http:\/\/www.eoi.es\/\">Escuela de Organizaci\u00f3n Industrial<\/a>\u00a0impartido en la\u00a0Universidad de La Laguna, cont\u00f3 para su clausura con el empresario Manuel Naranjo.<br \/>\nEste ponente, que da nombre a su empresa <a href=\"http:\/\/mnas.es\/\">Manuel Naranjo corredur\u00eda de seguros, S.L.<\/a> cuya actividad en el sector de seguros es desde el a\u00f1o 1981, ostenta un acuerdo de colaboraci\u00f3n estable con uno de los mejores Broker internacionales,Willis, permitiendo\u00a0el acceso a los mercados\u00a0m\u00e1s especializados, trabajando y colaborando conjuntamente.<br \/>\nLa exposici\u00f3n de Manuel Naranjo busc\u00f3 mostrar al alumnado universitario la creaci\u00f3n de una empresa como una alternativa atractiva frente al empleo por cuenta ajena, donde puedan desarrollar su potencial creativo e innovador.<\/p>\n","protected":false},"excerpt":{"rendered":"<p>Este programa de alcance nacional puesto en marcha por la Secretar\u00eda General de Industria y de la PYME del Ministerio de Industria, Energ\u00eda y Turismo, y la Secretar\u00eda General de Universidades del Ministerio de Educaci\u00f3n, Cultura y Deporte, a trav\u00e9s de la Escuela de Organizaci\u00f3n Industrial impartido en la Universidad de La Laguna, cont\u00f3 para su clausura con el empresario Manuel Naranjo.<\/p>\n","protected":false},"author":35,"featured_media":21787,"comment_status":"closed","ping_status":"closed","sticky":false,"template":"","format":"standard","meta":{"footnotes":""},"categories":[3,13],"tags":[535,569,1043,1396,1426],"featured_image_thumbnail_url":"https:\/\/fg.ull.es\/hemeroteca\/wp-content\/uploads\/sites\/14\/2015\/12\/DSC_0449-1-300x169.jpg","_links":{"self":[{"href":"https:\/\/fg.ull.es\/hemeroteca\/wp-json\/wp\/v2\/posts\/21786"}],"collection":[{"href":"https:\/\/fg.ull.es\/hemeroteca\/wp-json\/wp\/v2\/posts"}],"about":[{"href":"https:\/\/fg.ull.es\/hemeroteca\/wp-json\/wp\/v2\/types\/post"}],"author":[{"embeddable":true,"href":"https:\/\/fg.ull.es\/hemeroteca\/wp-json\/wp\/v2\/users\/35"}],"replies":[{"embeddable":true,"href":"https:\/\/fg.ull.es\/hemeroteca\/wp-json\/wp\/v2\/comments?post=21786"}],"version-history":[{"count":0,"href":"https:\/\/fg.ull.es\/hemeroteca\/wp-json\/wp\/v2\/posts\/21786\/revisions"}],"wp:featuredmedia":[{"embeddable":true,"href":"https:\/\/fg.ull.es\/hemeroteca\/wp-json\/wp\/v2\/media\/21787"}],"wp:attachment":[{"href":"https:\/\/fg.ull.es\/hemeroteca\/wp-json\/wp\/v2\/media?parent=21786"}],"wp:term":[{"taxonomy":"category","embeddable":true,"href":"https:\/\/fg.ull.es\/hemeroteca\/wp-json\/wp\/v2\/categories?post=21786"},{"taxonomy":"post_tag","embeddable":true,"href":"https:\/\/fg.ull.es\/hemeroteca\/wp-json\/wp\/v2\/tags?post=21786"}],"curies":[{"name":"wp","href":"https:\/\/api.w.org\/{rel}","templated":true}]}}