{"id":21774,"date":"2015-12-07T13:04:55","date_gmt":"2015-12-07T13:04:55","guid":{"rendered":"http:\/\/www.fg.ull.es\/es\/?p=21774"},"modified":"2015-12-07T13:04:55","modified_gmt":"2015-12-07T13:04:55","slug":"jornadas-entidades-de-economia-social-y-entidades-mercantiles-en-el-sector-agrario","status":"publish","type":"post","link":"https:\/\/fg.ull.es\/hemeroteca\/2015\/12\/07\/jornadas-entidades-de-economia-social-y-entidades-mercantiles-en-el-sector-agrario\/","title":{"rendered":"Jornadas: &#034;Entidades de Econom\u00eda Social y Entidades Mercantiles en el Sector Agrario&#034;"},"content":{"rendered":"<h1>Jornadas: &#8220;Entidades de Econom\u00eda Social y Entidades Mercantiles en el Sector Agrario&#8221;<\/h1>\n<h4>El pr\u00f3ximo d\u00eda 15 de diciembre tendr\u00e1n lugar estas jornadas gratuitas en horario de 10 a 18 horas en el Aula Magna de la Facultad de Econ\u00f3micas de la ULL.<\/h4>\n<p>El Instituto Canario de Calidad Agroalimentaria, mediante su Programa Ecocomedores Escolares de Canarias, ha articulado una red de trabajo entre agricultores y agricultoras del sector ecol\u00f3gico que demanda informaci\u00f3n sobre mecanismos que permitan llevar a cabo estrategias de trabajo coordinado, bajo\u00a0formas\u00a0jur\u00eddicas lo m\u00e1s ventajosas para cada caso.<br \/>\nEstas Jornadas, realizadas con el apoyo del Vicerrectorado de Relaciones con la Sociedad, suponen el encuentro entre el personal de la Administraci\u00f3n P\u00fablica y la Universidad con un sector social altamente preocupado por su competitividad.<br \/>\nEl acto comenzar\u00e1 con\u00a0<strong>\u201c<\/strong>Entidades de econom\u00eda social y Entidades mercantiles en el sector agrario&#8221; con la intervenci\u00f3n de la profesora del Departamento de Sociolog\u00eda y Antropolog\u00eda de la Universidad de La Laguna, Yurena Gonz\u00e1lez. A continuaci\u00f3n: \u201cSociedades mercantiles\u201d con el profesor de Departamento de Derecho P\u00fablico y Privado Especial y Derecho de la Empresa de la Universidad de La Laguna, Antonio Santana; \u201ccooperativas y sociedades laborales\u201d, con la t\u00e9cnico superior del Registro de\u00a0 Cooperativas y Sociedades Laborales, del departamento de Econom\u00eda Social del Servicio Canario de Empleo; Josefina Lugo; \u201cSociedades Agrarias de Transformaci\u00f3n (SAT)\u201d con la miembro de la Junta Rectora de SAT de El Jable, Lanzarote, Ascensi\u00f3n Robaina; \u201casociaciones\u201d con el jefe de Servicio de Entidades Jur\u00eddicas, direcci\u00f3n General de Transparencia de la consejer\u00eda de Presidencia, Justicia e Igualdad del Gobierno de Canarias, Francisco Su\u00e1rez; y por \u00faltimo, \u201cactuaci\u00f3n de la inspecci\u00f3n de trabajo en el sector agrario\u201d con el jefe Provincial de la Inspecci\u00f3n de Trabajo y Seguridad Social del Ministerio de\u00a0 Empleo y Seguridad Social del Gobierno de Espa\u00f1a, Jos\u00e9 Trasobares.<br \/>\nPuedes\u00a0 consultar otras informaciones <a href=\"https:\/\/tcourse.osl.ull.es\/gestion\/cursos\/3036\/\">AQU\u00cd.<\/a><\/p>\n","protected":false},"excerpt":{"rendered":"<p>El pr\u00f3ximo d\u00eda 15 de diciembre tendr\u00e1n lugar estas jornadas gratuitas en horario de 10 a 18 horas en el Aula Magna de la Facultad de Econ\u00f3micas de la ULL.<\/p>\n","protected":false},"author":35,"featured_media":21775,"comment_status":"closed","ping_status":"closed","sticky":false,"template":"","format":"standard","meta":{"footnotes":""},"categories":[5,8,11],"tags":[672,1257,1396,1426],"featured_image_thumbnail_url":"https:\/\/fg.ull.es\/hemeroteca\/wp-content\/uploads\/sites\/14\/2015\/12\/logo_vicerectorado_nuevo.png","_links":{"self":[{"href":"https:\/\/fg.ull.es\/hemeroteca\/wp-json\/wp\/v2\/posts\/21774"}],"collection":[{"href":"https:\/\/fg.ull.es\/hemeroteca\/wp-json\/wp\/v2\/posts"}],"about":[{"href":"https:\/\/fg.ull.es\/hemeroteca\/wp-json\/wp\/v2\/types\/post"}],"author":[{"embeddable":true,"href":"https:\/\/fg.ull.es\/hemeroteca\/wp-json\/wp\/v2\/users\/35"}],"replies":[{"embeddable":true,"href":"https:\/\/fg.ull.es\/hemeroteca\/wp-json\/wp\/v2\/comments?post=21774"}],"version-history":[{"count":0,"href":"https:\/\/fg.ull.es\/hemeroteca\/wp-json\/wp\/v2\/posts\/21774\/revisions"}],"wp:featuredmedia":[{"embeddable":true,"href":"https:\/\/fg.ull.es\/hemeroteca\/wp-json\/wp\/v2\/media\/21775"}],"wp:attachment":[{"href":"https:\/\/fg.ull.es\/hemeroteca\/wp-json\/wp\/v2\/media?parent=21774"}],"wp:term":[{"taxonomy":"category","embeddable":true,"href":"https:\/\/fg.ull.es\/hemeroteca\/wp-json\/wp\/v2\/categories?post=21774"},{"taxonomy":"post_tag","embeddable":true,"href":"https:\/\/fg.ull.es\/hemeroteca\/wp-json\/wp\/v2\/tags?post=21774"}],"curies":[{"name":"wp","href":"https:\/\/api.w.org\/{rel}","templated":true}]}}