{"id":21748,"date":"2015-12-04T14:00:24","date_gmt":"2015-12-04T14:00:24","guid":{"rendered":"http:\/\/www.fg.ull.es\/es\/?p=21748"},"modified":"2015-12-04T14:00:24","modified_gmt":"2015-12-04T14:00:24","slug":"publicacion-del-segundo-listado-provisional-de-candidaturas-aceptadas-y-excluidas-para-4-becas-de-movilidad-para-el-servicio-voluntario-europeo-proyecto-stars","status":"publish","type":"post","link":"https:\/\/fg.ull.es\/hemeroteca\/2015\/12\/04\/publicacion-del-segundo-listado-provisional-de-candidaturas-aceptadas-y-excluidas-para-4-becas-de-movilidad-para-el-servicio-voluntario-europeo-proyecto-stars\/","title":{"rendered":"Publicaci\u00f3n del segundo listado provisional de candidaturas aceptadas y excluidas para 4 becas de movilidad para el Servicio Voluntario Europeo (proyecto \u201cSTARS\u201d)"},"content":{"rendered":"<p>&nbsp;<\/p>\n<h1>Publicaci\u00f3n del segundo listado provisional de candidaturas aceptadas y excluidas para 4 becas de movilidad para el Servicio Voluntario Europeo (proyecto \u201cSTARS\u201d)<\/h1>\n<h4>\u00a0Finalizada la segunda fase del proceso selectivo se presenta el segundo listado provisional de candidaturas aceptadas y excluidas con su motivo para la selecci\u00f3n de las personas que recibir\u00e1n las becas de movilidad para el programa Servicio Voluntario Europeo en Sri Lanka, Indonesia, Chile o Islas Salom\u00f3n.<\/h4>\n<p>A partir del d\u00eda siguiente a esta publicaci\u00f3n, se establece un periodo de tres d\u00edas naturales para eventuales alegaciones que, en ning\u00fan caso, ser\u00e1 per\u00edodo de subsanaci\u00f3n de documentaci\u00f3n. Finalizado \u00e9ste, a las 23.59h. del 07 de diciembre de 2015, y resueltas las alegaciones se proceder\u00e1 a publicar el segundo listado definitivo.<br \/>\nPuede consultar el listado en:<br \/>\n<strong><a href=\"http:\/\/www.fg.ull.es\/wp-content\/uploads\/2015\/12\/Segundo-listado-provisional-1.pdf\" target=\"_blank\" rel=\"noopener noreferrer\">Listado provisional<\/a><\/strong><br \/>\nPara eventuales alegaciones debe utilizar el siguiente documento:<br \/>\n<a href=\"http:\/\/www.fg.ull.es\/es\/2014\/public\/docs\/833_l3_documento_de_alegaciones.docx\"><strong>Documento de alegaciones<\/strong><\/a><br \/>\nPara la valoraci\u00f3n\u00a0de todas y cada una de las candidaturas, y de los futuros procesos, se ha tomado\/tomar\u00e1 como fundamento lo especificado en:<\/p>\n<ol>\n<li><a href=\"http:\/\/www.fg.ull.es\/wp-content\/uploads\/2015\/11\/Bases-STARS_ready.pdf\"><strong>Bases singulares<\/strong><\/a><\/li>\n<li><a href=\"http:\/\/www.fg.ull.es\/wp-content\/uploads\/2015\/11\/Ficha-informativa-STARS_ready-1.pdf\"><strong>Ficha informativa<\/strong><\/a><\/li>\n<\/ol>\n","protected":false},"excerpt":{"rendered":"<p> Finalizada la segunda fase del proceso selectivo se presenta el segundo listado provisional de candidaturas aceptadas y excluidas con su motivo para la selecci\u00f3n de las personas que recibir\u00e1n las becas de movilidad para el programa Servicio Voluntario Europeo en Sri Lanka, Indonesia, Chile o Islas Salom\u00f3n.<\/p>\n","protected":false},"author":3,"featured_media":21750,"comment_status":"closed","ping_status":"closed","sticky":false,"template":"","format":"standard","meta":{"footnotes":""},"categories":[2,3,11,13],"tags":[1019,1190,1426],"featured_image_thumbnail_url":"https:\/\/fg.ull.es\/hemeroteca\/wp-content\/uploads\/sites\/14\/2015\/12\/Pantalla_1280x720px-300x169.jpg","_links":{"self":[{"href":"https:\/\/fg.ull.es\/hemeroteca\/wp-json\/wp\/v2\/posts\/21748"}],"collection":[{"href":"https:\/\/fg.ull.es\/hemeroteca\/wp-json\/wp\/v2\/posts"}],"about":[{"href":"https:\/\/fg.ull.es\/hemeroteca\/wp-json\/wp\/v2\/types\/post"}],"author":[{"embeddable":true,"href":"https:\/\/fg.ull.es\/hemeroteca\/wp-json\/wp\/v2\/users\/3"}],"replies":[{"embeddable":true,"href":"https:\/\/fg.ull.es\/hemeroteca\/wp-json\/wp\/v2\/comments?post=21748"}],"version-history":[{"count":0,"href":"https:\/\/fg.ull.es\/hemeroteca\/wp-json\/wp\/v2\/posts\/21748\/revisions"}],"wp:featuredmedia":[{"embeddable":true,"href":"https:\/\/fg.ull.es\/hemeroteca\/wp-json\/wp\/v2\/media\/21750"}],"wp:attachment":[{"href":"https:\/\/fg.ull.es\/hemeroteca\/wp-json\/wp\/v2\/media?parent=21748"}],"wp:term":[{"taxonomy":"category","embeddable":true,"href":"https:\/\/fg.ull.es\/hemeroteca\/wp-json\/wp\/v2\/categories?post=21748"},{"taxonomy":"post_tag","embeddable":true,"href":"https:\/\/fg.ull.es\/hemeroteca\/wp-json\/wp\/v2\/tags?post=21748"}],"curies":[{"name":"wp","href":"https:\/\/api.w.org\/{rel}","templated":true}]}}