{"id":21743,"date":"2015-12-04T13:30:09","date_gmt":"2015-12-04T13:30:09","guid":{"rendered":"http:\/\/www.fg.ull.es\/es\/?p=21743"},"modified":"2015-12-04T13:30:09","modified_gmt":"2015-12-04T13:30:09","slug":"ultimas-plazas-para-para-el-curso-estrategias-de-growth-hacking-y-marketing-digital","status":"publish","type":"post","link":"https:\/\/fg.ull.es\/hemeroteca\/2015\/12\/04\/ultimas-plazas-para-para-el-curso-estrategias-de-growth-hacking-y-marketing-digital\/","title":{"rendered":"\u00daltimas plazas para para el curso \u201cEstrategias de Growth Hacking y Marketing Digital\u201d"},"content":{"rendered":"<h1>\u00daltimas plazas para para el curso \u201cEstrategias de Growth Hacking y Marketing Digital\u201d<\/h1>\n<h4 style=\"margin: 0cm;margin-bottom: .0001pt;background: white\"><span style=\"font-size: 14.0pt;font-family: 'Arial',sans-serif;font-weight: normal\">La Universidad de La Laguna, a trav\u00e9s de su Fundaci\u00f3n General, impartir\u00e1 este curso desde el 14 hasta el 18 de diciembre.<\/span><\/h4>\n<p>El curso presencial \u201cEstrategias de Growth Hacking y Marketing Digital\u201d ser\u00e1 impartido por Jacob Celso Rodr\u00edguez Torres y Jos\u00e9 Rom\u00e1n Hern\u00e1ndez Mart\u00edn del 14 al 18 de diciembre en horario de 16:30 a 20:30 horas.<br \/>\nLos objetivos de este curso son aprender a analizar la efectividad de sus estrategias en internet, captar la atenci\u00f3n de clientes potenciales, mejorar la promoci\u00f3n de sus servicios o productos utilizando diferentes tecnolog\u00edas y herramientas para acelerar su crecimiento.<br \/>\nLos m\u00f3dulos que se abordar\u00e1n durante estas jornadas son: marketing de contenidos, anal\u00edtica web, posicionamiento en buscadores (SEO), marketing en buscadores y redes sociales (SEM) y email marketing.<br \/>\nAquellos que deseen apuntarse pueden hacerlo <a href=\"https:\/\/sede.fg.ull.es\/es\/curso\/detalle\/a15030334\/estrategias-de-growth-hacking-y-marketing-digital?utm_source=cursogh&amp;utm_medium=l.facebook.com&amp;utm_campaign=gh2015\">AQU\u00cd<\/a>.<\/p>\n","protected":false},"excerpt":{"rendered":"<p>La Universidad de La Laguna, a trav\u00e9s de su Fundaci\u00f3n General, impartir\u00e1 este curso desde el 14 hasta el 18 de diciembre.<\/p>\n","protected":false},"author":35,"featured_media":21745,"comment_status":"closed","ping_status":"closed","sticky":false,"template":"","format":"standard","meta":{"footnotes":""},"categories":[5,13],"tags":[672,744,977,1396,1426],"featured_image_thumbnail_url":"https:\/\/fg.ull.es\/hemeroteca\/wp-content\/uploads\/sites\/14\/2015\/12\/portada-MTC-300x132.jpg","_links":{"self":[{"href":"https:\/\/fg.ull.es\/hemeroteca\/wp-json\/wp\/v2\/posts\/21743"}],"collection":[{"href":"https:\/\/fg.ull.es\/hemeroteca\/wp-json\/wp\/v2\/posts"}],"about":[{"href":"https:\/\/fg.ull.es\/hemeroteca\/wp-json\/wp\/v2\/types\/post"}],"author":[{"embeddable":true,"href":"https:\/\/fg.ull.es\/hemeroteca\/wp-json\/wp\/v2\/users\/35"}],"replies":[{"embeddable":true,"href":"https:\/\/fg.ull.es\/hemeroteca\/wp-json\/wp\/v2\/comments?post=21743"}],"version-history":[{"count":0,"href":"https:\/\/fg.ull.es\/hemeroteca\/wp-json\/wp\/v2\/posts\/21743\/revisions"}],"wp:featuredmedia":[{"embeddable":true,"href":"https:\/\/fg.ull.es\/hemeroteca\/wp-json\/wp\/v2\/media\/21745"}],"wp:attachment":[{"href":"https:\/\/fg.ull.es\/hemeroteca\/wp-json\/wp\/v2\/media?parent=21743"}],"wp:term":[{"taxonomy":"category","embeddable":true,"href":"https:\/\/fg.ull.es\/hemeroteca\/wp-json\/wp\/v2\/categories?post=21743"},{"taxonomy":"post_tag","embeddable":true,"href":"https:\/\/fg.ull.es\/hemeroteca\/wp-json\/wp\/v2\/tags?post=21743"}],"curies":[{"name":"wp","href":"https:\/\/api.w.org\/{rel}","templated":true}]}}