{"id":21729,"date":"2015-12-03T14:41:28","date_gmt":"2015-12-03T14:41:28","guid":{"rendered":"http:\/\/www.fg.ull.es\/es\/?p=21729"},"modified":"2015-12-03T14:41:28","modified_gmt":"2015-12-03T14:41:28","slug":"gran-acogida-del-ii-foro-emprende-lalaguna","status":"publish","type":"post","link":"https:\/\/fg.ull.es\/hemeroteca\/2015\/12\/03\/gran-acogida-del-ii-foro-emprende-lalaguna\/","title":{"rendered":"Gran acogida del II Foro de Presentaci\u00f3n de Proyectos de Emprende.LaLaguna"},"content":{"rendered":"<h1>Gran acogida del II Foro de Presentaci\u00f3n de Proyectos\u00a0Emprende.LaLaguna<\/h1>\n<h4><em>Hoy se presentaron en la Real Sociedad Econ\u00f3mica de Amigos del Pa\u00eds de Tenerife doce de los proyectos que han recibido asesoramiento y formaci\u00f3n en el programa <a href=\"http:\/\/fg.ull.es\/emprendelalaguna\/\" target=\"_blank\" rel=\"noopener noreferrer\">Emprende.LaLaguna<\/a>,\u00a0un proyecto de colaboraci\u00f3n entre la Universidad de La Laguna, con su Fundaci\u00f3n General, y el Ayuntamiento de La Laguna para la dinamizaci\u00f3n del tejido empresarial municipal.<\/em><\/h4>\n<p>Se cierra as\u00ed el trabajo realizado durante m\u00e1s de un a\u00f1o con la poblaci\u00f3n lagunera que se ha concretado en la presentaci\u00f3n de doce ideas de negocio ante p\u00fablico y jurado especializado. Este programa mezcla la formaci\u00f3n pr\u00e1ctica y el asesoramiento individualizado e incluye metodolog\u00edas punteras desarrolladas en la ULL. Por \u00e9l han pasado m\u00e1s de sesenta proyectos y ha contado con la financiaci\u00f3n y apoyo del <strong><a href=\"http:\/\/www.aytolalaguna.com\/\" target=\"_blank\" rel=\"noopener noreferrer\">Ayuntamiento de La Laguna<\/a><\/strong> que tiene entre uno de sus objetivos dinamizar el tejido empresarial fomentando la creaci\u00f3n de negocios con alto capital intelectual y tecnol\u00f3gico.<br \/>\nEn este segundo Foro se expusieron p\u00fablicamente los doce proyectos generados en el marco de esta iniciativa los cuales fueron valorados por un jurado y, de manera complementaria, por el p\u00fablico asistente. Las iniciativas ganadoras fueron tras\u00a0el baremo: en tercer lugar,\u00a0 la tienda especializada en plantas y complementos decorativos,\u00a0<em>Un bejeque en mi tejado<\/em>, que presenta como caracter\u00edstica diferencial la \u201ccustomizaci\u00f3n\u201d y personalizaci\u00f3n \u00a0de macetas. En segundo puesto se posicion\u00f3 el proyecto Draco que desarrollar\u00e1n proyectos de Gesti\u00f3n y Educaci\u00f3n Ambiental.\u00a0 Y el primer puesto se qued\u00f3 en manos de Eliazer Marrero Correa con su propuesta Emarco, una empresa de dise\u00f1o, fabricaci\u00f3n y venta de jueguetes y material did\u00e1ctico que estimular\u00e1 la inteligencia emocional de ni\u00f1os y ni\u00f1as de 3 a 12 a\u00f1os. Seg\u00fan su promotor, maestro y especialista universitario en Educaci\u00f3n Especial, Emarco \u201cense\u00f1ar\u00e1 a los ni\u00f1os a conocer sus emociones, de una forma innovadora, estimulando su \u00e1mbito cognitivo, psicomotriz y emocional\u201d.<br \/>\nTodos los proyectos recibieron un lote de productos diversos para tratar de ayudarles en este emprendimiento. Adem\u00e1s, el P<a href=\"http:\/\/www.pctt.es\/\" target=\"_blank\" rel=\"noopener noreferrer\">arque Cient\u00edfico y Tecnol\u00f3gico de Tenerife<\/a> otorg\u00f3 entre los participantes tres premios consistentes en 60, 80 y 100 horas para trabajar en el Coworking habilitado en la D\u00e1rsena Pesquera de Santa Cruz a los proyectos: Canarias Centro de Creaci\u00f3n, Wayfay y Quinthero Dron, respectivamente.<br \/>\nLos tres primeros clasificados recibieron tambi\u00e9n de forma especial diferentes premios de parte de <strong>empresas e instituciones colaboradoras<\/strong> sin las que este evento no hubiera sido posible: Real Sociedad Econ\u00f3mica de Amigos del Pa\u00eds de Tenerife; Contanet; La Oficina; Dyrecto Consultores; Art&amp;Co; Asesores Fonseca; Graffos; Consorcio Exage; Metriz Canarias S.L.; PCTT; Factorii Producciones Publicitarias, S.L.U.; Garo\u00e9 Travis Consultores S.L.; y, Juan Carlos Cabrera Rodr\u00edguez Abogados.<br \/>\n<strong><a href=\"http:\/\/fg.ull.es\/emprendelalaguna\/\" target=\"_blank\" rel=\"noopener noreferrer\">CONOCE EMPRENDE.LALAGUNA AQU\u00cd<\/a><\/strong><\/p>\n","protected":false},"excerpt":{"rendered":"<p>Hoy se presentaron en la Real Sociedad Econ\u00f3mica de Amigos del Pa\u00eds de Tenerife los doce proyectos que han recibido asesoramiento y formaci\u00f3n en el programa Emprende.LaLaguna, un proyecto de colaboraci\u00f3n entre la Universidad de La Laguna, con su Fundaci\u00f3n General, y el Ayuntamiento de La Laguna para la dinamizaci\u00f3n del tejido empresarial municipal.<\/p>\n","protected":false},"author":35,"featured_media":21730,"comment_status":"closed","ping_status":"closed","sticky":false,"template":"","format":"standard","meta":{"footnotes":""},"categories":[8,13],"tags":[516,523,676,917,1396,1426],"featured_image_thumbnail_url":"https:\/\/fg.ull.es\/hemeroteca\/wp-content\/uploads\/sites\/14\/2015\/12\/DSC_1196-300x201.jpg","_links":{"self":[{"href":"https:\/\/fg.ull.es\/hemeroteca\/wp-json\/wp\/v2\/posts\/21729"}],"collection":[{"href":"https:\/\/fg.ull.es\/hemeroteca\/wp-json\/wp\/v2\/posts"}],"about":[{"href":"https:\/\/fg.ull.es\/hemeroteca\/wp-json\/wp\/v2\/types\/post"}],"author":[{"embeddable":true,"href":"https:\/\/fg.ull.es\/hemeroteca\/wp-json\/wp\/v2\/users\/35"}],"replies":[{"embeddable":true,"href":"https:\/\/fg.ull.es\/hemeroteca\/wp-json\/wp\/v2\/comments?post=21729"}],"version-history":[{"count":0,"href":"https:\/\/fg.ull.es\/hemeroteca\/wp-json\/wp\/v2\/posts\/21729\/revisions"}],"wp:featuredmedia":[{"embeddable":true,"href":"https:\/\/fg.ull.es\/hemeroteca\/wp-json\/wp\/v2\/media\/21730"}],"wp:attachment":[{"href":"https:\/\/fg.ull.es\/hemeroteca\/wp-json\/wp\/v2\/media?parent=21729"}],"wp:term":[{"taxonomy":"category","embeddable":true,"href":"https:\/\/fg.ull.es\/hemeroteca\/wp-json\/wp\/v2\/categories?post=21729"},{"taxonomy":"post_tag","embeddable":true,"href":"https:\/\/fg.ull.es\/hemeroteca\/wp-json\/wp\/v2\/tags?post=21729"}],"curies":[{"name":"wp","href":"https:\/\/api.w.org\/{rel}","templated":true}]}}