{"id":21676,"date":"2015-12-02T17:25:06","date_gmt":"2015-12-02T17:25:06","guid":{"rendered":"http:\/\/www.fg.ull.es\/es\/?p=21676"},"modified":"2015-12-02T17:25:06","modified_gmt":"2015-12-02T17:25:06","slug":"playa-san-juan-acoge-a-mas-de-650-aprendices-de-emprendedores-y-emprendedoras","status":"publish","type":"post","link":"https:\/\/fg.ull.es\/hemeroteca\/2015\/12\/02\/playa-san-juan-acoge-a-mas-de-650-aprendices-de-emprendedores-y-emprendedoras\/","title":{"rendered":"Playa San Juan acoge a m\u00e1s de 650 aprendices de emprendedores y emprendedoras"},"content":{"rendered":"<h1>Playa San Juan acoge a m\u00e1s de 650 aprendices de emprendedores y emprendedoras<\/h1>\n<h4>Gu\u00eda de Isora fue la sede de la feria de cooperativas escolares del proyecto \u2018Ense\u00f1ar para emprender\u2019 de la ULL, en el que tomaron parte 18 centros educativos de Tenerife.<\/h4>\n<p>Los alrededores del Centro de Creaci\u00f3n y Formaci\u00f3n Joven en el n\u00facleo costero isorano de Playa San Juan, acogieron este mi\u00e9rcoles 2 de diciembre, entre las 10 y las 13 horas, la feria de cooperativas escolares del programa educativo \u2018Ense\u00f1ar para emprender\u2019 (EPE). Esta iniciativa, que impulsa la Universidad de La Laguna (ULL) a trav\u00e9s de su Fundaci\u00f3n General, se lleva a cabo con los colegios de la isla que se quieran sumar en la simulaci\u00f3n de la creaci\u00f3n de empresas cooperativas, realizando todo el recorrido necesario: desde la conceptualizaci\u00f3n del negocio, b\u00fasqueda de financiaci\u00f3n y tramitaci\u00f3n administrativa. Se trat\u00f3 de la tercera y \u00faltima feria de 2015 tras desarrollarse el pasado mes de mayo en Puerto de la Cruz y en La Laguna. En las tres ferias de 2015 han tomado parte un total de 3.238 menores.<br \/>\nEPE, ha contado este a\u00f1o con la financiaci\u00f3n del Cabildo Insular y la colaboraci\u00f3n de los ayuntamientos de La Laguna, Puerto de la Cruz y Gu\u00eda de Isora, que ha sido el anfitri\u00f3n de la tercera y \u00faltima feria de 2015 y que ha contado hoy con la participaci\u00f3n de 28 cooperativas de trabajo que se han formado en 17 centros educativos y la ONG Aldeas Infantiles. Concretamente hoy han asistido a la feria 738 participantes: 662 alumnos, 52 profesores y 19 tutores acompa\u00f1antes. Las 28 cooperativas han dispuesto hoy de sus estands propios para la venta de los productos que han ideado los \u2018aprendices de emprendedores\u2019, cuya recaudaci\u00f3n destinar\u00e1n en su mayor parte a un proyecto social de su entorno.<br \/>\nLa feria cont\u00f3 con la presencia de las concejalas isoranas de Promoci\u00f3n Econ\u00f3mica, Desarrollo Local, Educaci\u00f3n y Cultura, Luc\u00eda Gonz\u00e1lez, Raquel Guti\u00e9rrez, \u00c1ngeles Gonz\u00e1lez y Lorena Medina, respectivamente. Por parte de la ULL asisti\u00f3 In\u00e9s Ruiz, directora de la Agencia Universitaria de Empleo. El Cabildo estuvo representado por Elena de la Guardia, responsable de la Fundaci\u00f3n Insular para la Formaci\u00f3n el Empleo y el Desarrollo Empresarial (FIFEDE).<\/p>\n<p>Para dar mayor visibilidad y asistencia de p\u00fablico a la feria, el Ayuntamiento isorano traslad\u00f3 el Mercado Agrotradicional y el Mercado del Atl\u00e1ntico que se realizan todos los mi\u00e9rcoles en la plaza de la iglesia de Playa San Juan, a la Avenida Altamar, frente al colegio de Playa San Juan, junto al Centro de Creaci\u00f3n. Tambi\u00e9n se organizaron actividades paralelas de entretenimiento para los escolares tanto en el Centro de Creaci\u00f3n como en el polideportivo del pueblo.<br \/>\nLos centros que tomaron parte fueron los siguientes: de Gu\u00eda de Isora, colegios Teobaldo Power, Aponte, Alm\u00e1cigo, Adoraci\u00f3n Rodr\u00edguez Alonso y el IES Alcal\u00e1; de Adeje los CEIP Adeje, Barranco Las Torres, Arme\u00f1ime, y el IES Adeje; de Santiago del Teide el CEIP Jos\u00e9 Esquivel; de Arona el IES Las Galletas y el CEIP Luis \u00c1lvarez Cruz; de Granadilla el CEIP Granadilla de Abona; de San Miguel el CEIP Aldea Blanca; de Santa Cruz de Tenerife el CEIP San Andr\u00e9s y el CEIPS Escuelas P\u00edas; y de La Laguna la ONG Aldeas Infantiles.<br \/>\n<strong>QU\u00c9 ES \u2018ENSE\u00d1AR PARA EMPRENDER\u2019<\/strong><br \/>\n\u2018Ense\u00f1ar para Emprender\u2019 (EPE) es un programa educativo impulsado por la Fundaci\u00f3n General de la ULL, que cuenta con financiaci\u00f3n del Cabildo de Tenerife, dirigido al alumnado de Educaci\u00f3n Primaria y Secundaria en el que el alumnado simula la creaci\u00f3n y gesti\u00f3n de una cooperativa en la que se fabrican productos que posteriormente son vendidos en un mercado o feria.<br \/>\nEl objetivo es fomentar la cultura emprendedora en edades tempranas en la provincia de Santa Cruz de Tenerife y potenciar la adquisici\u00f3n de competencias fundamentales para el desarrollo del alumnado. Esto se realiza a trav\u00e9s de la impartici\u00f3n de una formaci\u00f3n te\u00f3rico-pr\u00e1ctica en materia de emprendimiento para la creaci\u00f3n de cooperativas en la que producen y exponen sus propios productos al entorno real, donando parte de los beneficios que se obtienen a ONGs o entidades sin \u00e1nimo de lucro.<br \/>\n<strong>METODOLOG\u00cdA<\/strong><br \/>\nEPE se plantea con una metodolog\u00eda participativa y representa un m\u00e9todo apropiado para la adquisici\u00f3n de la competencia emprendedora, promoviendo un cambio de cultura proclive a la innovaci\u00f3n. Las cooperativas escolares son una oportunidad para que los alumnos y las alumnas pongan en pr\u00e1cticas aspectos como la direcci\u00f3n (planificaci\u00f3n, toma de decisiones, comunicaci\u00f3n y responsabilidad); competencias sociales (intercambio, trabajo en equipo, aprender y asumir nuevos roles); competencias personales (autoestima, pensamiento cr\u00edtico e independencia); emprendedur\u00eda (iniciativa, creatividad y asunci\u00f3n de riesgos).<br \/>\nEsta metodolog\u00eda ha sido probada y testada durante los cinco \u00faltimos a\u00f1os en centros de las provincias de Las Palmas de Gran Canaria y Santa Cruz de Tenerife. EPE ha sido premiado como buenas pr\u00e1cticas de cooperativismo, durante el acto celebrado por CajaSiete en julio de 2014, por el D\u00eda Internacional de las Cooperativas.<br \/>\n&nbsp;<\/p>\n","protected":false},"excerpt":{"rendered":"<p>Gu\u00eda de Isora fue la sede de la feria de cooperativas escolares del proyecto \u2018Ense\u00f1ar para emprender\u2019 de la ULL, en el que tomaron parte 18 centros educativos de Tenerife.<\/p>\n","protected":false},"author":3,"featured_media":21678,"comment_status":"closed","ping_status":"closed","sticky":false,"template":"","format":"standard","meta":{"footnotes":""},"categories":[3],"tags":[541,564,1396,1426],"featured_image_thumbnail_url":"https:\/\/fg.ull.es\/hemeroteca\/wp-content\/uploads\/sites\/14\/2015\/12\/MG_4713-300x200.jpg","_links":{"self":[{"href":"https:\/\/fg.ull.es\/hemeroteca\/wp-json\/wp\/v2\/posts\/21676"}],"collection":[{"href":"https:\/\/fg.ull.es\/hemeroteca\/wp-json\/wp\/v2\/posts"}],"about":[{"href":"https:\/\/fg.ull.es\/hemeroteca\/wp-json\/wp\/v2\/types\/post"}],"author":[{"embeddable":true,"href":"https:\/\/fg.ull.es\/hemeroteca\/wp-json\/wp\/v2\/users\/3"}],"replies":[{"embeddable":true,"href":"https:\/\/fg.ull.es\/hemeroteca\/wp-json\/wp\/v2\/comments?post=21676"}],"version-history":[{"count":0,"href":"https:\/\/fg.ull.es\/hemeroteca\/wp-json\/wp\/v2\/posts\/21676\/revisions"}],"wp:featuredmedia":[{"embeddable":true,"href":"https:\/\/fg.ull.es\/hemeroteca\/wp-json\/wp\/v2\/media\/21678"}],"wp:attachment":[{"href":"https:\/\/fg.ull.es\/hemeroteca\/wp-json\/wp\/v2\/media?parent=21676"}],"wp:term":[{"taxonomy":"category","embeddable":true,"href":"https:\/\/fg.ull.es\/hemeroteca\/wp-json\/wp\/v2\/categories?post=21676"},{"taxonomy":"post_tag","embeddable":true,"href":"https:\/\/fg.ull.es\/hemeroteca\/wp-json\/wp\/v2\/tags?post=21676"}],"curies":[{"name":"wp","href":"https:\/\/api.w.org\/{rel}","templated":true}]}}