{"id":21670,"date":"2015-12-02T14:08:33","date_gmt":"2015-12-02T14:08:33","guid":{"rendered":"http:\/\/www.fg.ull.es\/es\/?p=21670"},"modified":"2015-12-02T14:08:33","modified_gmt":"2015-12-02T14:08:33","slug":"iv-jornadas-sobre-juventud-formacion-y-empleo","status":"publish","type":"post","link":"https:\/\/fg.ull.es\/hemeroteca\/2015\/12\/02\/iv-jornadas-sobre-juventud-formacion-y-empleo\/","title":{"rendered":"La Agencia Universitaria de Empleo participar\u00e1 en las IV Jornadas sobre Juventud, Formaci\u00f3n y Empleo"},"content":{"rendered":"<h1>La Agencia Universitaria de Empleo participar\u00e1 en las IV Jornadas sobre Juventud, Formaci\u00f3n y Empleo<\/h1>\n<h4>El pr\u00f3ximo viernes 4 de diciembre, la Plaza de la Concepci\u00f3n acoge esta iniciativa que persigue asesorar y mejorar la empleabilidad de los j\u00f3venes de La Laguna organiza la Concejal\u00eda de Promoci\u00f3n y Desarrollo Local del Ayuntamiento de La Laguna\u00a0contando con la participaci\u00f3n de la Agencia Universitaria de Empleo.<\/h4>\n<p>Las cuartas jornadas sobre Juventud, Formaci\u00f3n y Empleo que organiza la Concejal\u00eda de Promoci\u00f3n y Desarrollo Local del\u00a0Ayuntamiento La Laguna ser\u00e1n celebradas el pr\u00f3ximo viernes 4 de diciembre en la Plaza de La Concepci\u00f3n de este municipio. La jornada est\u00e1 programa de 10 a 20 horas, reuniendo a instituciones y colectivos que trabajan por la formaci\u00f3n y el empleo en el municipio para ofrecer a los j\u00f3venes y resto de personas que se acerquen de forma directa las distintas posibilidades que tienen para mejorar sus empleabilidad.<br \/>\nEntre las entidades participantes se encuentran\u00a0Fundaci\u00f3n General Universidad de La Laguna, Fundaci\u00f3n Ataretaco,\u00a0Barrios por el Empleo, Fundaci\u00f3n Proyecto Don Bosco,\u00a0Cruz Roja Espa\u00f1ola,\u00a0Caritas,\u00a0Coordinadora de Personas con Discapacidad F\u00edsica de Canarias,\u00a0Asociaci\u00f3n Mercedes Machado,\u00a0Radio ECCA\u00a0y la\u00a0Servicio Canario de Empleo\u00a0de\u00a0\u202aLa Laguna.<br \/>\nEn la jornada, en la que participan organizaciones que componen el proyecto Empleo en Red de La Laguna, se ofrece a los asistentes talleres pr\u00e1cticos para ense\u00f1ar t\u00e9cnicas b\u00e1sicas en materias como el empaquetado de regalos, el modelado en az\u00facar, cocteler\u00eda y primeros auxilios, entre otros, al mismo tiempo que se imparten actividades para mejorar la formaci\u00f3n y las habilidades para buscar empleo, como coaching, motivaci\u00f3n y competencias clave, el empleo en redes sociales, etc\u00e9tera. Los interesados pueden inscribirse en los talleres llamando a los tel\u00e9fonos 922 60 11 79 o 922 60 87 34.<br \/>\nPara la concejala\u00a0\u202a\u200eM\u00f3nica Mart\u00edn, que preside el \u00e1rea de\u00a0Desarrollo Local La Laguna, con iniciativas de este tipo se pretende \u201cincidir en la formaci\u00f3n, para mejorar las posibilidades de empleo de los j\u00f3venes de nuestro municipio\u201d.<br \/>\nLa Plaza de la Concepci\u00f3n acoger\u00e1 los puestos para desarrollar los talleres y el servicio de orientaci\u00f3n laboral, y tambi\u00e9n un escenario donde habr\u00e1 actuaciones musicales para amenizar la jornada, que ser\u00e1 retransmitida por Radio ECCA.<\/p>\n","protected":false},"excerpt":{"rendered":"<p>El pr\u00f3ximo viernes 4 de diciembre, la Plaza de la Concepci\u00f3n acoge esta iniciativa que persigue asesorar y mejorar la empleabilidad de los j\u00f3venes de La Laguna organiza la Concejal\u00eda de Promoci\u00f3n y Desarrollo Local del Ayuntamiento de La Laguna contando con la participaci\u00f3n de la Agencia Universitaria de Empleo.<\/p>\n","protected":false},"author":35,"featured_media":21671,"comment_status":"closed","ping_status":"closed","sticky":false,"template":"","format":"standard","meta":{"footnotes":""},"categories":[3,5,13],"tags":[518,672,892,907,1396,1426],"featured_image_thumbnail_url":"https:\/\/fg.ull.es\/hemeroteca\/wp-content\/uploads\/sites\/14\/2015\/12\/agencia-universitaria-de-empleo-300x130.png","_links":{"self":[{"href":"https:\/\/fg.ull.es\/hemeroteca\/wp-json\/wp\/v2\/posts\/21670"}],"collection":[{"href":"https:\/\/fg.ull.es\/hemeroteca\/wp-json\/wp\/v2\/posts"}],"about":[{"href":"https:\/\/fg.ull.es\/hemeroteca\/wp-json\/wp\/v2\/types\/post"}],"author":[{"embeddable":true,"href":"https:\/\/fg.ull.es\/hemeroteca\/wp-json\/wp\/v2\/users\/35"}],"replies":[{"embeddable":true,"href":"https:\/\/fg.ull.es\/hemeroteca\/wp-json\/wp\/v2\/comments?post=21670"}],"version-history":[{"count":0,"href":"https:\/\/fg.ull.es\/hemeroteca\/wp-json\/wp\/v2\/posts\/21670\/revisions"}],"wp:featuredmedia":[{"embeddable":true,"href":"https:\/\/fg.ull.es\/hemeroteca\/wp-json\/wp\/v2\/media\/21671"}],"wp:attachment":[{"href":"https:\/\/fg.ull.es\/hemeroteca\/wp-json\/wp\/v2\/media?parent=21670"}],"wp:term":[{"taxonomy":"category","embeddable":true,"href":"https:\/\/fg.ull.es\/hemeroteca\/wp-json\/wp\/v2\/categories?post=21670"},{"taxonomy":"post_tag","embeddable":true,"href":"https:\/\/fg.ull.es\/hemeroteca\/wp-json\/wp\/v2\/tags?post=21670"}],"curies":[{"name":"wp","href":"https:\/\/api.w.org\/{rel}","templated":true}]}}