{"id":21663,"date":"2015-12-02T12:32:40","date_gmt":"2015-12-02T12:32:40","guid":{"rendered":"http:\/\/www.fg.ull.es\/es\/?p=21663"},"modified":"2015-12-02T12:32:40","modified_gmt":"2015-12-02T12:32:40","slug":"la-laguna-acoge-el-jueves-el-ii-foro-de-presentacion-de-proyectos-empresariales-de-emprende-lalaguna","status":"publish","type":"post","link":"https:\/\/fg.ull.es\/hemeroteca\/2015\/12\/02\/la-laguna-acoge-el-jueves-el-ii-foro-de-presentacion-de-proyectos-empresariales-de-emprende-lalaguna\/","title":{"rendered":"La Laguna acoge ma\u00f1ana jueves el II Foro de Presentaci\u00f3n de Proyectos Empresariales de Emprende.LaLaguna"},"content":{"rendered":"<h1><strong>La Laguna acoge ma\u00f1ana\u00a0jueves el II\u00a0Foro de Presentaci\u00f3n de Proyectos Empresariales de Emprende.LaLaguna<\/strong><\/h1>\n<h4>El pr\u00f3ximo jueves 3 de diciembre, desde las 9 hasta las 13 horas, se\u00a0presentar\u00e1n los proyectos empresariales fraguados en este programa de apoyo al emprendimiento local. Ser\u00e1 en el Sal\u00f3n de Actos de la Real Sociedad Econ\u00f3mica de Amigos del Pa\u00eds de Tenerife, en el casco lagunero.<\/h4>\n<p>Tras m\u00e1s de seis meses de trabajo a trav\u00e9s de talleres y asesoramiento, el conjunto de participantes del programa de fomento del emprendimiento local, <a href=\"http:\/\/fg.ull.es\/emprendelalaguna\/\" target=\"_blank\" rel=\"noopener noreferrer\">Emprende.LaLaguna<\/a>, se dar\u00e1n cita en un Foro en el que deber\u00e1n defender sus ideas empresariales frente a un jurado de especialistas y del p\u00fablico asistente. Este acto, y el conjunto del programa, es posible gracias a la colaboraci\u00f3n entre la Universidad de La Laguna, a trav\u00e9s de su Fundaci\u00f3n General, y el Ayuntamiento de La Laguna. Se desarrollar\u00e1 en el <strong>Sal\u00f3n de Actos de la Real Sociedad Econ\u00f3mica de Amigos del Pa\u00eds de Tenerife<\/strong>, organizaci\u00f3n que se ha ofrecido a colaborar con la iniciativa, y dar\u00e1 comienzo a las <strong>9 horas<\/strong> con un sencillo acto de apertura. A continuaci\u00f3n, comenzar\u00e1n las exposiciones hasta las 12.45 horas, momento en que se dar\u00e1 a conocer cu\u00e1les son las <strong>ideas premiadas<\/strong>.<br \/>\nDurante la jornada se presentar\u00e1n\u00a0<strong>12 iniciativas<\/strong>\u00a0heterog\u00e9neas bajo la t\u00e9cnica del\u00a0<em>Elevador Pitch<\/em>, desarrollando los puntos m\u00e1s importantes de su idea de empresa en siete minutos. Los emprendedores y emprendedoras presentar\u00e1n sus proyectos ante agentes socioecon\u00f3micos del entorno, posibles socios comerciales, proveedores, t\u00e9cnicos de Administraciones P\u00fablicas, inversores privados entidades financieras y medios de comunicaci\u00f3n.<br \/>\nEn esta segunda edici\u00f3n del Foro de Presentaci\u00f3n de Proyectos Empresariales se dar\u00e1n a conocer los proyectos:\u00a0<strong><em>Cl\u00ednica Veterinaria San Benito<\/em>, <em>Un Bejeque en mi tejado<\/em>, <em>Canarias Centro de Creaci\u00f3n<\/em>,\u00a0<em>Alara\u00edz<\/em>, <em>Quinthero Dron<\/em>, <em>Draco<\/em>, <em>ProMedia<\/em>, <em>Cruz Handmade Pedals<\/em>, <em>Social Maker<\/em>, <em>Emarco<\/em>,\u00a0 <em>Local Coworking<\/em>, <em>Carmen Dauta<\/em> <\/strong>y<strong> <em>WaiFay<\/em>.<\/strong><br \/>\nEl <strong>objetivo principal<\/strong> de las acciones de Emprende.LaLaguna es ser un nexo de uni\u00f3n entre los diferentes agentes colaboradores y programas dirigidos a la creaci\u00f3n y consolidaci\u00f3n de empresas. Por ello, la formaci\u00f3n de personas con ideas emprendedoras, as\u00ed como la mejora de la calidad, potencialidad y consolidaci\u00f3n de sus iniciativas empresariales, es una labor b\u00e1sica e importante para la generaci\u00f3n del tejido empresarial de La Laguna. Partiendo de esta premisa, el proyecto aglutina una serie de acciones encaminadas a fomentar el emprendimiento entre los ciudadanos del municipio, as\u00ed como promover la consolidaci\u00f3n y supervivencia tanto de empresas de nueva creaci\u00f3n como empresas de un largo recorrido.<br \/>\nLa\u00a0<strong>asistencia<\/strong>\u00a0es gratuita,\u00a0<strong><a href=\"http:\/\/fgull.es\/29cfu\">previa reserva AQU\u00cd<\/a>.<\/strong><br \/>\n&nbsp;<br \/>\n&nbsp;<br \/>\n&nbsp;<\/p>\n","protected":false},"excerpt":{"rendered":"<p>El pr\u00f3ximo jueves 3 de diciembre, desde las 9 hasta las 13 horas, se presentar\u00e1n los proyectos empresariales fraguados en este programa de apoyo al emprendimiento local. Ser\u00e1 en el Sal\u00f3n de Actos de la Real Sociedad Econ\u00f3mica de Amigos del Pa\u00eds de Tenerife, en el casco lagunero.<\/p>\n","protected":false},"author":3,"featured_media":21665,"comment_status":"closed","ping_status":"closed","sticky":false,"template":"","format":"standard","meta":{"footnotes":""},"categories":[3,10,13],"tags":[534,541,917,1396,1426],"featured_image_thumbnail_url":"https:\/\/fg.ull.es\/hemeroteca\/wp-content\/uploads\/sites\/14\/2015\/12\/ForoEmprendeLaLaguna1280x720px-300x169.jpg","_links":{"self":[{"href":"https:\/\/fg.ull.es\/hemeroteca\/wp-json\/wp\/v2\/posts\/21663"}],"collection":[{"href":"https:\/\/fg.ull.es\/hemeroteca\/wp-json\/wp\/v2\/posts"}],"about":[{"href":"https:\/\/fg.ull.es\/hemeroteca\/wp-json\/wp\/v2\/types\/post"}],"author":[{"embeddable":true,"href":"https:\/\/fg.ull.es\/hemeroteca\/wp-json\/wp\/v2\/users\/3"}],"replies":[{"embeddable":true,"href":"https:\/\/fg.ull.es\/hemeroteca\/wp-json\/wp\/v2\/comments?post=21663"}],"version-history":[{"count":0,"href":"https:\/\/fg.ull.es\/hemeroteca\/wp-json\/wp\/v2\/posts\/21663\/revisions"}],"wp:featuredmedia":[{"embeddable":true,"href":"https:\/\/fg.ull.es\/hemeroteca\/wp-json\/wp\/v2\/media\/21665"}],"wp:attachment":[{"href":"https:\/\/fg.ull.es\/hemeroteca\/wp-json\/wp\/v2\/media?parent=21663"}],"wp:term":[{"taxonomy":"category","embeddable":true,"href":"https:\/\/fg.ull.es\/hemeroteca\/wp-json\/wp\/v2\/categories?post=21663"},{"taxonomy":"post_tag","embeddable":true,"href":"https:\/\/fg.ull.es\/hemeroteca\/wp-json\/wp\/v2\/tags?post=21663"}],"curies":[{"name":"wp","href":"https:\/\/api.w.org\/{rel}","templated":true}]}}