{"id":21645,"date":"2015-12-01T14:26:42","date_gmt":"2015-12-01T14:26:42","guid":{"rendered":"http:\/\/www.fg.ull.es\/es\/?p=21645"},"modified":"2015-12-01T14:26:42","modified_gmt":"2015-12-01T14:26:42","slug":"guia-de-isora-acoge-manana-la-feria-de-cooperativas-escolares","status":"publish","type":"post","link":"https:\/\/fg.ull.es\/hemeroteca\/2015\/12\/01\/guia-de-isora-acoge-manana-la-feria-de-cooperativas-escolares\/","title":{"rendered":"Gu\u00eda de Isora acoge ma\u00f1ana la Feria de Cooperativas Escolares"},"content":{"rendered":"<h1><strong>Gu\u00eda de Isora acoge ma\u00f1ana la <\/strong><strong>Feria de Cooperativas Escolares<\/strong><\/h1>\n<h4>Este evento se encuentra dentro del programa educativo <a href=\"http:\/\/www.fg.ull.es\/es\/empleo\/proyectos\/ensenar-para-emprender\/\"><strong><em>Ense\u00f1ar para Emprender (EPE)<\/em><\/strong><strong><em>\u00a0<\/em><\/strong><\/a> impulsado por la Universidad de La Laguna, a trav\u00e9s de su Fundaci\u00f3n General, y que este a\u00f1o ha contado con la financiaci\u00f3n del Cabildo Insular y la colaboraci\u00f3n de los Ayuntamientos de La Laguna, Puerto de la Cruz y Gu\u00eda de Isora.<\/h4>\n<p>Ense\u00f1ar Para Emprender consiste en la simulaci\u00f3n de la creaci\u00f3n de empresas cooperativas, realizando todo el recorrido necesario: desde la conceptualizaci\u00f3n del negocio, b\u00fasqueda de financiaci\u00f3n y tramitaci\u00f3n administrativa. El permiso simulado que ha sido concedido desde el Ayuntamiento de Gu\u00eda de Isora permitir\u00e1 ma\u00f1ana<strong> 2 de diciembre a estas peque\u00f1as cooperativas<\/strong>\u00a0vender sus productos en la\u00a0<strong>Feria de Cooperativas Escolares<\/strong>\u00a0que tendr\u00e1 lugar ma\u00f1ana desde las 10 horas en Playa San Juan.<br \/>\nEn esta iniciativa participar\u00e1n un total de diecisiete centros educativos y la ONG Aldeas Infatiles; de aqu\u00ed surgen las veintiocho \u00a0cooperativas de trabajo en las que toman parte un total de 738 participantesLos centros que estar\u00e1n representados ma\u00f1ana en Gu\u00eda De Isora son: CEIP Teobaldo Power, CEIP Aponte, CEIP Alm\u00e1cigo, IES Alcal\u00e1, CEIP Adoraci\u00f3n Rodr\u00edguez Alonso, CEIP Adeje, IES Adeje, CEIP Barranco las Torres, CEIP Arme\u00f1ime, CEIP Jos\u00e9 Esquivel, IES Las Galletas, CEIP Luis \u00c1lvarez Cruz, CEIP Granadilla de Abona, CEIP Aldea Blanca, CEIP San Andr\u00e9s y elCEIPS Escuelas P\u00edas.<br \/>\nSe trata de la tercera y \u00faltima Feria que se celebrar\u00e1 en 2015 tras desarrollarse el pasado mes de mayo en Puerto de la Cruz y en La Laguna. En cifras, a los 2.500 ni\u00f1os y ni\u00f1as que tomaron parte en estas Ferias hay que sumar los 738 que se desplazar\u00e1n ma\u00f1ana a Playa San Juan lo que arroja un balance total de 3.238 menores participantes durante 2015.<br \/>\nEl\u00a0<strong>objetivo de EPE<\/strong><strong>\u00a0<\/strong>es fomentar la cultura emprendedora en edades tempranas en la provincia de Santa Cruz de Tenerife y potenciar la adquisici\u00f3n de competencias fundamentales para el desarrollo del alumnado. Tras haber llevado a cabo la formaci\u00f3n te\u00f3rico-pr\u00e1ctica en materia de emprendimiento para la creaci\u00f3n de cooperativas, se alcanza esta segunda fase en la que producen y exponen sus propios productos al entorno real. Adem\u00e1s, se donar\u00e1 parte de los beneficios que se obtengan a ONGs o entidades sin \u00e1nimo de lucro.<\/p>\n","protected":false},"excerpt":{"rendered":"<p>Este evento se encuentra dentro del programa educativo Ense\u00f1ar para Emprender (EPE)  impulsado por la Universidad de La Laguna, a trav\u00e9s de su Fundaci\u00f3n General, y que este a\u00f1o ha contado con la financiaci\u00f3n del Cabildo Insular y la colaboraci\u00f3n de los Ayuntamientos de La Laguna, Puerto de la Cruz y Gu\u00eda de Isora.<\/p>\n","protected":false},"author":35,"featured_media":21647,"comment_status":"closed","ping_status":"closed","sticky":false,"template":"","format":"standard","meta":{"footnotes":""},"categories":[13],"tags":[403,535,570,753],"featured_image_thumbnail_url":"https:\/\/fg.ull.es\/hemeroteca\/wp-content\/uploads\/sites\/14\/2015\/12\/plantilla_invitaci\u00f3n_600x380-300x190.png","_links":{"self":[{"href":"https:\/\/fg.ull.es\/hemeroteca\/wp-json\/wp\/v2\/posts\/21645"}],"collection":[{"href":"https:\/\/fg.ull.es\/hemeroteca\/wp-json\/wp\/v2\/posts"}],"about":[{"href":"https:\/\/fg.ull.es\/hemeroteca\/wp-json\/wp\/v2\/types\/post"}],"author":[{"embeddable":true,"href":"https:\/\/fg.ull.es\/hemeroteca\/wp-json\/wp\/v2\/users\/35"}],"replies":[{"embeddable":true,"href":"https:\/\/fg.ull.es\/hemeroteca\/wp-json\/wp\/v2\/comments?post=21645"}],"version-history":[{"count":0,"href":"https:\/\/fg.ull.es\/hemeroteca\/wp-json\/wp\/v2\/posts\/21645\/revisions"}],"wp:featuredmedia":[{"embeddable":true,"href":"https:\/\/fg.ull.es\/hemeroteca\/wp-json\/wp\/v2\/media\/21647"}],"wp:attachment":[{"href":"https:\/\/fg.ull.es\/hemeroteca\/wp-json\/wp\/v2\/media?parent=21645"}],"wp:term":[{"taxonomy":"category","embeddable":true,"href":"https:\/\/fg.ull.es\/hemeroteca\/wp-json\/wp\/v2\/categories?post=21645"},{"taxonomy":"post_tag","embeddable":true,"href":"https:\/\/fg.ull.es\/hemeroteca\/wp-json\/wp\/v2\/tags?post=21645"}],"curies":[{"name":"wp","href":"https:\/\/api.w.org\/{rel}","templated":true}]}}