{"id":21642,"date":"2015-12-01T14:18:34","date_gmt":"2015-12-01T14:18:34","guid":{"rendered":"http:\/\/www.fg.ull.es\/es\/?p=21642"},"modified":"2015-12-01T14:18:34","modified_gmt":"2015-12-01T14:18:34","slug":"por-segundo-viernes-consecutivo-itinera-imparte-formacion-en-el-grado-de-periodismo","status":"publish","type":"post","link":"https:\/\/fg.ull.es\/hemeroteca\/2015\/12\/01\/por-segundo-viernes-consecutivo-itinera-imparte-formacion-en-el-grado-de-periodismo\/","title":{"rendered":"Por segundo viernes consecutivo ITINERA imparte formaci\u00f3n en el Grado de Periodismo"},"content":{"rendered":"<h1><strong>Por segundo viernes consecutivo ITINERA imparte formaci\u00f3n en el Grado de Periodismo<\/strong><\/h1>\n<h4>El programa gratuito de orientaci\u00f3n laboral para la comunidad universitaria imparti\u00f3 formaci\u00f3n al alumnado sobre los primeros pasos a seguir para \u00a0la inserci\u00f3n en el mundo laboral.<\/h4>\n<p>El viernes 20 de noviembre tuvo lugar en la Facultad de Ciencias Pol\u00edticas, Sociales y de la Comunicaci\u00f3n\u00a0una charla sobre <em>Herramientas para la B\u00fasqueda de Empleo<\/em>. Adem\u00e1s, el pasado viernes 27 de noviembre, tambi\u00e9n se realiz\u00f3 una ponencia que trat\u00f3 de acercar al alumnado de periodismo a las <em>Habilidades para Superar las Entrevistas de Selecci\u00f3n<\/em>.<br \/>\nLas sesiones estaban incluidas dentro del Plan de Orientaci\u00f3n y Acci\u00f3n Tutorial (POAT) y estuvieron impartidas por una de las t\u00e9cnicas<b>\u00a0<\/b>de la Unidad de Orientaci\u00f3n Laboral de la Fundaci\u00f3n General de la Universidad de La Laguna. Entre los 27 asistentes se encontraban principalmente estudiantes \u00a0de segundo y cuarto curso del grado.<br \/>\nLas personas interesadas en formalizar la inscripci\u00f3n en el programa Itinera, pueden hacerlo acudiendo de manera presencial al \u00c1rea de Empleo de la Fundaci\u00f3n universitaria o a las oficinas de empleo para ser derivadas. Tambi\u00e9n pueden concertar cita llamando al 922 31 89 76, del correo electr\u00f3nico orientate@fg.ull.es o a trav\u00e9s de la sede electr\u00f3nica de la Fundaci\u00f3n.<\/p>\n","protected":false},"excerpt":{"rendered":"<p>El programa gratuito de orientaci\u00f3n laboral para la comunidad universitaria imparti\u00f3 formaci\u00f3n al alumnado sobre los primeros pasos a seguir para  la inserci\u00f3n en el mundo laboral.<\/p>\n","protected":false},"author":35,"featured_media":21643,"comment_status":"closed","ping_status":"closed","sticky":false,"template":"","format":"standard","meta":{"footnotes":""},"categories":[3,13],"tags":[872,1100,1113,1396,1426],"featured_image_thumbnail_url":"https:\/\/fg.ull.es\/hemeroteca\/wp-content\/uploads\/sites\/14\/2015\/12\/SM-A3-Periodismo-27nov-300x169.jpg","_links":{"self":[{"href":"https:\/\/fg.ull.es\/hemeroteca\/wp-json\/wp\/v2\/posts\/21642"}],"collection":[{"href":"https:\/\/fg.ull.es\/hemeroteca\/wp-json\/wp\/v2\/posts"}],"about":[{"href":"https:\/\/fg.ull.es\/hemeroteca\/wp-json\/wp\/v2\/types\/post"}],"author":[{"embeddable":true,"href":"https:\/\/fg.ull.es\/hemeroteca\/wp-json\/wp\/v2\/users\/35"}],"replies":[{"embeddable":true,"href":"https:\/\/fg.ull.es\/hemeroteca\/wp-json\/wp\/v2\/comments?post=21642"}],"version-history":[{"count":0,"href":"https:\/\/fg.ull.es\/hemeroteca\/wp-json\/wp\/v2\/posts\/21642\/revisions"}],"wp:featuredmedia":[{"embeddable":true,"href":"https:\/\/fg.ull.es\/hemeroteca\/wp-json\/wp\/v2\/media\/21643"}],"wp:attachment":[{"href":"https:\/\/fg.ull.es\/hemeroteca\/wp-json\/wp\/v2\/media?parent=21642"}],"wp:term":[{"taxonomy":"category","embeddable":true,"href":"https:\/\/fg.ull.es\/hemeroteca\/wp-json\/wp\/v2\/categories?post=21642"},{"taxonomy":"post_tag","embeddable":true,"href":"https:\/\/fg.ull.es\/hemeroteca\/wp-json\/wp\/v2\/tags?post=21642"}],"curies":[{"name":"wp","href":"https:\/\/api.w.org\/{rel}","templated":true}]}}