{"id":21638,"date":"2015-12-01T14:13:51","date_gmt":"2015-12-01T14:13:51","guid":{"rendered":"http:\/\/www.fg.ull.es\/es\/?p=21638"},"modified":"2015-12-01T14:13:51","modified_gmt":"2015-12-01T14:13:51","slug":"el-programa-erasmus-para-emprendedores-de-la-fundacion-de-la-ull-entre-los-6-primeros-de-europa","status":"publish","type":"post","link":"https:\/\/fg.ull.es\/hemeroteca\/2015\/12\/01\/el-programa-erasmus-para-emprendedores-de-la-fundacion-de-la-ull-entre-los-6-primeros-de-europa\/","title":{"rendered":"El programa &#034;Erasmus para Emprendedores&#034; de la ULL y su Fundaci\u00f3n General entre los 6 primeros de Europa"},"content":{"rendered":"<h1><strong>El programa <\/strong><strong>&#8220;Erasmus para Emprendedores&#8221; de la ULL y su Fundaci\u00f3n General entre los 6 primeros de Europa<\/strong><\/h1>\n<h4>La Fundaci\u00f3n General de la Universidad de La Laguna se posiciona como una de las organizaciones m\u00e1s efectivas en el n\u00famero de las personas emprendedoras y las empresas involucradas en este programa.<\/h4>\n<p>&#8220;Erasmus para Emprendedores&#8221; es un programa de movilidad europeo que consiste en la realizaci\u00f3n de intercambios transnacionales, en el que emprendedores\/as noveles y personas que desean crear una empresa tienen la oportunidad de aprender de empresariado experimentado que dirige peque\u00f1as empresas en otros pa\u00edses participantes, en el marco del programa &#8220;Cycle 7&#8221;. Bajo estos t\u00e9rminos, la Comisi\u00f3n Europea ha dictaminado, mediante la publicaci\u00f3n de un <em>ranking<\/em>, que la Fundaci\u00f3n General de la ULL ostenta la sexta posici\u00f3n en cuanto al n\u00famero de emprendedores\/as y las empresas involucradas en el programa. Se trata de un total de 28 personas involucradas durante 10 meses de ejecuci\u00f3n de este proyecto.<br \/>\nEn la actualidad, Espa\u00f1a cuenta con veinticuatro <em>Entidades Intermediarias<\/em>, donde la Fundaci\u00f3n General de la Universidad de La Laguna se encuentra en la tercera plaza despu\u00e9s de Valencia y Madrid. A nivel europeo, las primeras plazas vienen ocupadas por: <em>Civitta <\/em>(Lituania),<em> Quality Program <\/em>(Italia), Fundaci\u00f3n Empresa Universidad de Alicante de la Comunidad Valenciana (Valencia, Espa\u00f1a), FDDM (Ruman\u00eda), <em>Innogate to Europe<\/em> (Madrid, Espa\u00f1a) y FGULL (S\/C de Tenerife, Espa\u00f1a).<\/p>\n","protected":false},"excerpt":{"rendered":"<p>La Fundaci\u00f3n General de la Universidad de La Laguna se posiciona comouna de las organizaciones m\u00e1s efectivas en el n\u00famero de las personas emprendedoras emprendedores y las empresas involucradas en este programa.<\/p>\n","protected":false},"author":35,"featured_media":21639,"comment_status":"closed","ping_status":"closed","sticky":false,"template":"","format":"standard","meta":{"footnotes":""},"categories":[3,13],"tags":[523,574,611,1396,1426],"featured_image_thumbnail_url":"https:\/\/fg.ull.es\/hemeroteca\/wp-content\/uploads\/sites\/14\/2015\/12\/bf5b9242-9aa2-4e7e-9381-063eb4a9b006-300x194.png","_links":{"self":[{"href":"https:\/\/fg.ull.es\/hemeroteca\/wp-json\/wp\/v2\/posts\/21638"}],"collection":[{"href":"https:\/\/fg.ull.es\/hemeroteca\/wp-json\/wp\/v2\/posts"}],"about":[{"href":"https:\/\/fg.ull.es\/hemeroteca\/wp-json\/wp\/v2\/types\/post"}],"author":[{"embeddable":true,"href":"https:\/\/fg.ull.es\/hemeroteca\/wp-json\/wp\/v2\/users\/35"}],"replies":[{"embeddable":true,"href":"https:\/\/fg.ull.es\/hemeroteca\/wp-json\/wp\/v2\/comments?post=21638"}],"version-history":[{"count":0,"href":"https:\/\/fg.ull.es\/hemeroteca\/wp-json\/wp\/v2\/posts\/21638\/revisions"}],"wp:featuredmedia":[{"embeddable":true,"href":"https:\/\/fg.ull.es\/hemeroteca\/wp-json\/wp\/v2\/media\/21639"}],"wp:attachment":[{"href":"https:\/\/fg.ull.es\/hemeroteca\/wp-json\/wp\/v2\/media?parent=21638"}],"wp:term":[{"taxonomy":"category","embeddable":true,"href":"https:\/\/fg.ull.es\/hemeroteca\/wp-json\/wp\/v2\/categories?post=21638"},{"taxonomy":"post_tag","embeddable":true,"href":"https:\/\/fg.ull.es\/hemeroteca\/wp-json\/wp\/v2\/tags?post=21638"}],"curies":[{"name":"wp","href":"https:\/\/api.w.org\/{rel}","templated":true}]}}