{"id":21635,"date":"2015-12-01T14:07:41","date_gmt":"2015-12-01T14:07:41","guid":{"rendered":"http:\/\/www.fg.ull.es\/es\/?p=21635"},"modified":"2015-12-01T14:07:41","modified_gmt":"2015-12-01T14:07:41","slug":"el-proyecto-de-impresion-digital-movefab-presente-en-las-jornadas-tecnologicas-hispano-britanico","status":"publish","type":"post","link":"https:\/\/fg.ull.es\/hemeroteca\/2015\/12\/01\/el-proyecto-de-impresion-digital-movefab-presente-en-las-jornadas-tecnologicas-hispano-britanico\/","title":{"rendered":"El proyecto de impresi\u00f3n digital MOVEFAB presente en las Jornadas Tecnol\u00f3gicas Hispano Brit\u00e1nico"},"content":{"rendered":"<h1><strong>El proyecto de impresi\u00f3n digital MOVEFAB presente en las Jornadas Tecnol\u00f3gicas\u00a0Hispano\u00a0Brit\u00e1nico<\/strong><\/h1>\n<h4>El pasado 23 de noviembre tuvieron lugar estas jornadas en el colegio lagunero las cuales contaron \u00a0con el stand expositivo y las din\u00e1micas interactivas que se proponen desde Movefab.<\/h4>\n<p>Las <em>Jornadas Tecnol\u00f3gicas\u00a0Hispano\u00a0Brit\u00e1nico <\/em>trataron de acercar a la juventud a este campo que cada d\u00eda es m\u00e1s imprescindible. Dentro de las Jornadas, estuvieron planificadas una serie de actividades encaminadas a que el alumnado conociera m\u00e1s de cerca las distintas situaciones que podemos encontrarnos dentro de este mundo tan tecnol\u00f3gico en el que vivimos.<br \/>\nEntre los participantes, el colegio cont\u00f3 con la presencia de MOVEFAB, un proyecto de la Universidad de La Laguna desarrollado a trav\u00e9s de su Fundaci\u00f3n General, que propone mediante una exposici\u00f3n itinerante y una serie de actividades formativas asociadas, difundir en la sociedad en general, las tecnolog\u00edas, herramientas, procesos, dispositivos, etc. que permiten el dise\u00f1o y la fabricaci\u00f3n con las distintas herramientas digitales, capaces de activar otras formas de pensar sobre los medios de producci\u00f3n.<br \/>\nLas pr\u00f3ximas jornadas de este proyecto tendr\u00e1n lugar los pr\u00f3ximos\u00a0mi\u00e9rcoles\u00a016 y jueves 17 en el\u00a0centro de juventud de\u00a0Candelaria.<\/p>\n","protected":false},"excerpt":{"rendered":"<p>El pasado 23 de noviembre tuvieron lugar estas jornadas en el colegio lagunero las cuales contaron  con el stand expositivo y las din\u00e1micas interactivas que se proponen desde Movefab.<\/p>\n","protected":false},"author":35,"featured_media":21636,"comment_status":"closed","ping_status":"closed","sticky":false,"template":"","format":"standard","meta":{"footnotes":""},"categories":[8],"tags":[760,892,1018,1396,1426],"featured_image_thumbnail_url":"https:\/\/fg.ull.es\/hemeroteca\/wp-content\/uploads\/sites\/14\/2015\/12\/HB4-300x200.jpg","_links":{"self":[{"href":"https:\/\/fg.ull.es\/hemeroteca\/wp-json\/wp\/v2\/posts\/21635"}],"collection":[{"href":"https:\/\/fg.ull.es\/hemeroteca\/wp-json\/wp\/v2\/posts"}],"about":[{"href":"https:\/\/fg.ull.es\/hemeroteca\/wp-json\/wp\/v2\/types\/post"}],"author":[{"embeddable":true,"href":"https:\/\/fg.ull.es\/hemeroteca\/wp-json\/wp\/v2\/users\/35"}],"replies":[{"embeddable":true,"href":"https:\/\/fg.ull.es\/hemeroteca\/wp-json\/wp\/v2\/comments?post=21635"}],"version-history":[{"count":0,"href":"https:\/\/fg.ull.es\/hemeroteca\/wp-json\/wp\/v2\/posts\/21635\/revisions"}],"wp:featuredmedia":[{"embeddable":true,"href":"https:\/\/fg.ull.es\/hemeroteca\/wp-json\/wp\/v2\/media\/21636"}],"wp:attachment":[{"href":"https:\/\/fg.ull.es\/hemeroteca\/wp-json\/wp\/v2\/media?parent=21635"}],"wp:term":[{"taxonomy":"category","embeddable":true,"href":"https:\/\/fg.ull.es\/hemeroteca\/wp-json\/wp\/v2\/categories?post=21635"},{"taxonomy":"post_tag","embeddable":true,"href":"https:\/\/fg.ull.es\/hemeroteca\/wp-json\/wp\/v2\/tags?post=21635"}],"curies":[{"name":"wp","href":"https:\/\/api.w.org\/{rel}","templated":true}]}}