{"id":21632,"date":"2015-12-01T13:57:42","date_gmt":"2015-12-01T13:57:42","guid":{"rendered":"http:\/\/www.fg.ull.es\/es\/?p=21632"},"modified":"2015-12-01T13:57:42","modified_gmt":"2015-12-01T13:57:42","slug":"comienzan-los-cursos-online-del-servicio-de-idiomas-de-la-ull-para-preparar-el-b1-de-ingles","status":"publish","type":"post","link":"https:\/\/fg.ull.es\/hemeroteca\/2015\/12\/01\/comienzan-los-cursos-online-del-servicio-de-idiomas-de-la-ull-para-preparar-el-b1-de-ingles\/","title":{"rendered":"Comienzan los cursos online del Servicio de Idiomas de la ULL para preparar el B1 de ingl\u00e9s"},"content":{"rendered":"<h1><strong>Comienzan los cursos online del Servicio de Idiomas de la ULL para preparar el B1 de ingl\u00e9s <\/strong><\/h1>\n<h4>El Servicio de Idiomas de la Universidad de La Laguna da comienzo a sus cursos online del nivel B1 de ingl\u00e9s. El objetivo principal es desarrollar y practicar las destrezas y estrategias b\u00e1sicas necesarias para examinarse del examen Acles nivel B1 seg\u00fan el Marco Com\u00fan Europeo de Referencia. Quedan algunas plazas disponibles para esta formaci\u00f3n.<\/h4>\n<p>Esta actividad formativa tiene una duraci\u00f3n de 120 horas impartida hasta el 4 de abril. Las personas interesadas en inscribirse todav\u00eda pueden hacerlo a trav\u00e9s de la <a href=\"https:\/\/sede.fg.ull.es\/es\/idioma\/detalle\/a15050447\/ingles-preparatorio-b1-online-acles\">sede electr\u00f3nica de la Fundaci\u00f3n General de la ULL<\/a>. El curso comenzaba el pasado 30 de noviembre y se extender\u00e1 hasta el pr\u00f3ximo 4 de abril.<br \/>\nEstos cursos est\u00e1n especialmente dirigidos a estudiantes y personas empleadas que, por motivos de trabajo o movilidad, no puedan desplazarse a menudo a las instalaciones del Servicio de Idiomas universitario. Por este motivo, las sesiones de gram\u00e1tica y comprensi\u00f3n se impartir\u00e1n de forma online, mientras que la preparaci\u00f3n oral tendr\u00e1 lugar de manera presencial.<br \/>\nEste curso combina diecis\u00e9is horas presenciales, distribuidas en cuatro sesiones, noventa horas en el aula virtual, catorce horas de blogs y tutor\u00eda online. Las sesiones presenciales no son obligatorias y se desarrollar\u00e1n los s\u00e1bados en el aulario de la Fundaci\u00f3n General de la ULL.<br \/>\n<a href=\"https:\/\/sede.fg.ull.es\/es\/idioma\/detalle\/a15050447\/ingles-preparatorio-b1-online-acles\">INSCR\u00cdBETE AQU\u00cd<\/a><\/p>\n","protected":false},"excerpt":{"rendered":"<p>El Servicio de Idiomas de la Universidad de La Laguna da comienzo a sus cursos online del nivel B1 de ingl\u00e9s. El objetivo principal es desarrollar y practicar las destrezas y estrategias b\u00e1sicas necesarias para examinarse del examen Acles nivel B1 seg\u00fan el Marco Com\u00fan Europeo de Referencia. Quedan algunas plazas disponibles para esta formaci\u00f3n.<\/p>\n","protected":false},"author":35,"featured_media":21633,"comment_status":"closed","ping_status":"closed","sticky":false,"template":"","format":"standard","meta":{"footnotes":""},"categories":[5,13],"tags":[220,781,1071,1286,1396,1426],"featured_image_thumbnail_url":"https:\/\/fg.ull.es\/hemeroteca\/wp-content\/uploads\/sites\/14\/2015\/12\/pantalla1280x720px-300x169.jpg","_links":{"self":[{"href":"https:\/\/fg.ull.es\/hemeroteca\/wp-json\/wp\/v2\/posts\/21632"}],"collection":[{"href":"https:\/\/fg.ull.es\/hemeroteca\/wp-json\/wp\/v2\/posts"}],"about":[{"href":"https:\/\/fg.ull.es\/hemeroteca\/wp-json\/wp\/v2\/types\/post"}],"author":[{"embeddable":true,"href":"https:\/\/fg.ull.es\/hemeroteca\/wp-json\/wp\/v2\/users\/35"}],"replies":[{"embeddable":true,"href":"https:\/\/fg.ull.es\/hemeroteca\/wp-json\/wp\/v2\/comments?post=21632"}],"version-history":[{"count":0,"href":"https:\/\/fg.ull.es\/hemeroteca\/wp-json\/wp\/v2\/posts\/21632\/revisions"}],"wp:featuredmedia":[{"embeddable":true,"href":"https:\/\/fg.ull.es\/hemeroteca\/wp-json\/wp\/v2\/media\/21633"}],"wp:attachment":[{"href":"https:\/\/fg.ull.es\/hemeroteca\/wp-json\/wp\/v2\/media?parent=21632"}],"wp:term":[{"taxonomy":"category","embeddable":true,"href":"https:\/\/fg.ull.es\/hemeroteca\/wp-json\/wp\/v2\/categories?post=21632"},{"taxonomy":"post_tag","embeddable":true,"href":"https:\/\/fg.ull.es\/hemeroteca\/wp-json\/wp\/v2\/tags?post=21632"}],"curies":[{"name":"wp","href":"https:\/\/api.w.org\/{rel}","templated":true}]}}