{"id":21578,"date":"2015-11-27T14:17:53","date_gmt":"2015-11-27T14:17:53","guid":{"rendered":"http:\/\/www.fg.ull.es\/es\/?p=21578"},"modified":"2015-11-27T14:17:53","modified_gmt":"2015-11-27T14:17:53","slug":"el-lunes-se-celebrara-la-jornada-empleo-en-suecia-en-la-que-se-presentara-el-proyecto-internacional-de-movilidad-stars","status":"publish","type":"post","link":"https:\/\/fg.ull.es\/hemeroteca\/2015\/11\/27\/el-lunes-se-celebrara-la-jornada-empleo-en-suecia-en-la-que-se-presentara-el-proyecto-internacional-de-movilidad-stars\/","title":{"rendered":"El lunes se celebrar\u00e1 la jornada \u201cEmpleo en Suecia\u201d en la que se presentar\u00e1 el proyecto internacional de movilidad STARS"},"content":{"rendered":"<h1><strong>El lunes se celebrar\u00e1 la jornada \u201cEmpleo en Suecia\u201d en la que se presentar\u00e1 el proyecto internacional de movilidad STARS<\/strong><\/h1>\n<h4>Tendr\u00e1 lugar el lunes d\u00eda 30 de noviembre de 9 a 14 horas en el Sal\u00f3n de Grados de la Facultad de Econom\u00eda, Empresa y Turismo. La presentaci\u00f3n de STARS se ha dispuesto a las 9.45 horas.<\/h4>\n<p>El pr\u00f3ximo lunes, a partir de las 9.30 horas, comenzar\u00e1 un encuentro centrado en las posibilidades laborales que se pueden encontrar en Suecia con la colaboraci\u00f3n de Eures y el Servicio Canario de Empleo. Se dirige espec\u00edficamente a personas que est\u00e9n buscando trabajo y que cuenten con titulaci\u00f3n en el \u00e1mbito de las Tecnolog\u00edas de la Informaci\u00f3n, las Biociencias o las Ciencias de la Salud.<br \/>\nEn el marco de esta jornada se proceder\u00e1 a la presentaci\u00f3n del proyecto internacional STARS, el primero de Canarias que lograr\u00e1 estancias internacionales subvencionadas por la Uni\u00f3n Europea para j\u00f3venes en varios continentes. Concretamente, cuatro j\u00f3venes residentes en Espa\u00f1a, preferentemente en Canarias, se desplazar\u00e1n a los pa\u00edses no europeos participantes del proyecto: Sri Lanka, Indonesia, Chile o Islas Salom\u00f3n. Se enmarca en las acciones de la Uni\u00f3n Europea del programa \u201cErasmus+\u201d \u00a0y se persigue fomentar la movilidad intercontinental de la juventud a trav\u00e9s de la colaboraci\u00f3n voluntaria en estas organizaciones.<br \/>\nEl proyecto STARS est\u00e1 liderado por la Universidad de La Laguna, a trav\u00e9s de su Fundaci\u00f3n General, y es posible gracias a un consorcio con la asociaci\u00f3n sociocultural Isla CreActiva y el Cabildo de Tenerife. Consiste en la recuperaci\u00f3n de senderos tur\u00edsticos como una herramienta de dinamizaci\u00f3n y desarrollo local. El objetivo es potenciar los senderos sostenibles de cada territorio para contribuir al desarrollo de la comunidad local y de la comunidad de j\u00f3venes implicados. De forma paralela, \u00a0se fomenta la cooperaci\u00f3n y el intercambio cultural. Participan siguientes organizaciones internacionales: Sociedade Portuguesa para o Estudo das Aves de Portugal; la Mission d&#8217;Insertion des Jeunes de Francia; Solomon Island National Youth Congress de las Islas Salom\u00f3n; Sri Lanka Ecotourism Foundation de Sri Lanka; Bali Community Based Tourism Association de Indonesia y, por \u00faltimo, el Club Deportivo Budeo y la Universidad Cat\u00f3lica del Norte, ambas de Chile.<br \/>\nTras esta presentaci\u00f3n se dar\u00e1 paso a la jornada \u201cEmpleo en Suecia\u201d en la que se describir\u00e1n las condiciones y posibilidades para ello. En esta ocasi\u00f3n, se dirige espec\u00edficamente a personas con titulaci\u00f3n universitaria que hayan realizado sus estudios en las siguientes \u00e1reas: Tecnolog\u00edas de la Informaci\u00f3n (titulaciones como Ingenier\u00eda Inform\u00e1tica o de Telecomunicaciones), Biociencia (titulaciones como Qu\u00edmica, Farmacia, Biolog\u00eda o Biotecnolog\u00eda) y, por \u00faltimo, Ciencias de la Salud (titulaciones como Medicina, Enfermer\u00eda o Fisioterapia).<br \/>\nPara poder asistir al encuentro es preciso inscribirse con anterioridad <a href=\"https:\/\/docs.google.com\/a\/fg.ull.es\/forms\/d\/1eQO9_EWtXaFzRe4SJEQVBegnE9y5-8XrGl6Lfh3IOUA\/viewform?c=0&amp;w=1\">AQU\u00cd.<\/a><\/p>\n","protected":false},"excerpt":{"rendered":"<p>Tendr\u00e1 lugar el lunes d\u00eda 30 de noviembre de 9 a 14 horas en el Sal\u00f3n de Grados de la Facultad de Econom\u00eda, Empresa y Turismo. La presentaci\u00f3n de STARS se ha dispuesto a las 9.45 horas.<\/p>\n","protected":false},"author":35,"featured_media":21580,"comment_status":"closed","ping_status":"closed","sticky":false,"template":"","format":"standard","meta":{"footnotes":""},"categories":[3,11],"tags":[518,1314,1322,1396,1426],"featured_image_thumbnail_url":"https:\/\/fg.ull.es\/hemeroteca\/wp-content\/uploads\/sites\/14\/2015\/11\/Pantalla_1280x720px-1-300x169.jpg","_links":{"self":[{"href":"https:\/\/fg.ull.es\/hemeroteca\/wp-json\/wp\/v2\/posts\/21578"}],"collection":[{"href":"https:\/\/fg.ull.es\/hemeroteca\/wp-json\/wp\/v2\/posts"}],"about":[{"href":"https:\/\/fg.ull.es\/hemeroteca\/wp-json\/wp\/v2\/types\/post"}],"author":[{"embeddable":true,"href":"https:\/\/fg.ull.es\/hemeroteca\/wp-json\/wp\/v2\/users\/35"}],"replies":[{"embeddable":true,"href":"https:\/\/fg.ull.es\/hemeroteca\/wp-json\/wp\/v2\/comments?post=21578"}],"version-history":[{"count":0,"href":"https:\/\/fg.ull.es\/hemeroteca\/wp-json\/wp\/v2\/posts\/21578\/revisions"}],"wp:featuredmedia":[{"embeddable":true,"href":"https:\/\/fg.ull.es\/hemeroteca\/wp-json\/wp\/v2\/media\/21580"}],"wp:attachment":[{"href":"https:\/\/fg.ull.es\/hemeroteca\/wp-json\/wp\/v2\/media?parent=21578"}],"wp:term":[{"taxonomy":"category","embeddable":true,"href":"https:\/\/fg.ull.es\/hemeroteca\/wp-json\/wp\/v2\/categories?post=21578"},{"taxonomy":"post_tag","embeddable":true,"href":"https:\/\/fg.ull.es\/hemeroteca\/wp-json\/wp\/v2\/tags?post=21578"}],"curies":[{"name":"wp","href":"https:\/\/api.w.org\/{rel}","templated":true}]}}