{"id":21516,"date":"2015-11-25T14:13:31","date_gmt":"2015-11-25T14:13:31","guid":{"rendered":"http:\/\/www.fg.ull.es\/es\/?p=21516"},"modified":"2015-11-25T14:13:31","modified_gmt":"2015-11-25T14:13:31","slug":"premios-de-la-ii-edicion-del-concurso-de-divulgacion-cientifica-cienciull-para-jovenes-investigadores-de-la-ull","status":"publish","type":"post","link":"https:\/\/fg.ull.es\/hemeroteca\/2015\/11\/25\/premios-de-la-ii-edicion-del-concurso-de-divulgacion-cientifica-cienciull-para-jovenes-investigadores-de-la-ull\/","title":{"rendered":"Premios de la II Edici\u00f3n del Concurso de Divulgaci\u00f3n Cient\u00edfica Cienci@ULL para j\u00f3venes investigadores de la ULL"},"content":{"rendered":"<h1><strong>Premios de la II Edici\u00f3n del Concurso de Divulgaci\u00f3n Cient\u00edfica Cienci@ULL para j\u00f3venes investigadores de la ULL<\/strong><\/h1>\n<h4>El v\u00eddeo \u201cLas madres de las c\u00e9lulas\u201d, para mostrar la actividad investigadora de forma cercana y comprensible a la sociedad, resultan ganador de la segunda convocatoria de este certamen.<\/h4>\n<p>Ten\u00eda lugar, el pasado 24 de noviembre, la entrega de premios de la II Edici\u00f3n del Concurso de Divulgaci\u00f3n Cient\u00edfica Cienci@ULL para j\u00f3venes investigadores e investigadoras de la Universidad de La Laguna, cuyo objetivo principal era\u00a0animar a la comunidad de j\u00f3venes de la instituci\u00f3n acad\u00e9mica a crear piezas audiovisuales para dar a conocer su actividad investigadora. La premisa era cumplir con el objetivo de mantener un car\u00e1cter divulgador, es decir, presentar los contenidos en un lenguaje sencillo y f\u00e1cilmente comprensible para todos los p\u00fablicos.<br \/>\nSe alzan ganadores de este certamen Guido Santos, Goretti Rosales y Eduardo Negr\u00edn del Departamento de Bioqu\u00edmica, Microbiolog\u00eda, Biolog\u00eda Celular y Gen\u00e9tica, con su v\u00eddeo titulado \u201cLas madres de las c\u00e9lulas\u201d.<\/p>\n<p>En segundo lugar, result\u00f3 premiado \u201cAdolescentes con Futuro\u201d un v\u00eddeo producido por Chlo\u00e9 Garc\u00eda Poole del departamento de Psicolog\u00eda Evolutiva y de la Educaci\u00f3n y, que recogi\u00f3 en su nombre, Olena\u00a0Kostiv.<\/p>\n<p>Este concurso se enmarca en el\u00a0<b>\u201cPrograma de Acciones para el Fomento de las Vocaciones Cient\u00edficas y Profesionales de la Isla de Tenerife 2015<\/b>\u201d, una iniciativa de la Universidad de La Laguna y su Fundaci\u00f3n General, que es desarrollada por su Unidad de Cultura Cient\u00edfica y de la Innovaci\u00f3n (Cienci@ULL) y financiada por el Cabildo Insular de Tenerife.<\/p>\n","protected":false},"excerpt":{"rendered":"<p>El v\u00eddeo \u201cLas madres de las c\u00e9lulas\u201d, para mostrar la actividad investigadora de forma cercana y comprensible a la sociedad, resultan ganador de la segunda convocatoria de este certamen.<\/p>\n","protected":false},"author":35,"featured_media":21517,"comment_status":"closed","ping_status":"closed","sticky":false,"template":"","format":"standard","meta":{"footnotes":""},"categories":[8,13],"tags":[821,1396,1426],"featured_image_thumbnail_url":"https:\/\/fg.ull.es\/hemeroteca\/wp-content\/uploads\/sites\/14\/2015\/11\/Imag-2-300x201.jpg","_links":{"self":[{"href":"https:\/\/fg.ull.es\/hemeroteca\/wp-json\/wp\/v2\/posts\/21516"}],"collection":[{"href":"https:\/\/fg.ull.es\/hemeroteca\/wp-json\/wp\/v2\/posts"}],"about":[{"href":"https:\/\/fg.ull.es\/hemeroteca\/wp-json\/wp\/v2\/types\/post"}],"author":[{"embeddable":true,"href":"https:\/\/fg.ull.es\/hemeroteca\/wp-json\/wp\/v2\/users\/35"}],"replies":[{"embeddable":true,"href":"https:\/\/fg.ull.es\/hemeroteca\/wp-json\/wp\/v2\/comments?post=21516"}],"version-history":[{"count":0,"href":"https:\/\/fg.ull.es\/hemeroteca\/wp-json\/wp\/v2\/posts\/21516\/revisions"}],"wp:featuredmedia":[{"embeddable":true,"href":"https:\/\/fg.ull.es\/hemeroteca\/wp-json\/wp\/v2\/media\/21517"}],"wp:attachment":[{"href":"https:\/\/fg.ull.es\/hemeroteca\/wp-json\/wp\/v2\/media?parent=21516"}],"wp:term":[{"taxonomy":"category","embeddable":true,"href":"https:\/\/fg.ull.es\/hemeroteca\/wp-json\/wp\/v2\/categories?post=21516"},{"taxonomy":"post_tag","embeddable":true,"href":"https:\/\/fg.ull.es\/hemeroteca\/wp-json\/wp\/v2\/tags?post=21516"}],"curies":[{"name":"wp","href":"https:\/\/api.w.org\/{rel}","templated":true}]}}