{"id":21501,"date":"2015-11-25T10:54:58","date_gmt":"2015-11-25T10:54:58","guid":{"rendered":"http:\/\/www.fg.ull.es\/es\/?p=21501"},"modified":"2015-11-25T10:54:58","modified_gmt":"2015-11-25T10:54:58","slug":"celebrada-una-jornada-informativa-sobre-las-acciones-europeas-de-cooperacion-cientifica-y-tecnologica-cost","status":"publish","type":"post","link":"https:\/\/fg.ull.es\/hemeroteca\/2015\/11\/25\/celebrada-una-jornada-informativa-sobre-las-acciones-europeas-de-cooperacion-cientifica-y-tecnologica-cost\/","title":{"rendered":"Celebrada una Jornada Informativa sobre las Acciones Europeas de Cooperaci\u00f3n Cient\u00edfica y Tecnol\u00f3gica (COST)"},"content":{"rendered":"<h1><strong>Celebrada una Jornada Informativa sobre las Acciones Europeas de Cooperaci\u00f3n Cient\u00edfica y Tecnol\u00f3gica (COST)<\/strong><\/h1>\n<h4>Ten\u00eda lugar el pasado 24 de noviembre en el Aula Magna de la Facultad de Ciencias en su secci\u00f3n de Matem\u00e1ticas y F\u00edsica de la mano de Noelia Romero, coordinadora nacional del programa y V\u00edctor Quintero, t\u00e9cnico de proyectos europeos de la Fundaci\u00f3n General de la Universidad de La Laguna.<\/h4>\n<p>El programa COST se presenta con el objetivo de apoyar la cooperaci\u00f3n transnacional entre profesionales de la ingenier\u00eda y la comunidad investigadora y acad\u00e9mica de toda Europa. Se trata, por tanto, de un medio \u00fanico para desarrollar conjuntamente ideas propias entre los y las participantes y fomentar nuevas iniciativas en todos los campos de la ciencia y la tecnolog\u00eda, incluidas las ciencias sociales y humanidades, mediante redes de actividades de investigaci\u00f3n conjuntas.<br \/>\nDesde su creaci\u00f3n en 1971, <a href=\"http:\/\/www.cost.eu\/\">COST<\/a> desarrolla un papel fundamental como precursor de la investigaci\u00f3n multidisciplinar avanzada en la construcci\u00f3n de un Espacio Europeo de Investigaci\u00f3n (EEI). Este programa, tambi\u00e9n aumenta la movilidad de los investigadores en Europa y fomenta la excelencia cient\u00edfica.<br \/>\nLa jornada informativa comenzaba con las palabras del vicerrector de Investigaci\u00f3n, Francisco Almeida, para continuar con la exposici\u00f3n de su estructura y convocatorias ya a cargo de la coordinadora nacional del programa, Noelia Romero, quien tambi\u00e9n present\u00f3 el proceso y los criterios de evaluaci\u00f3n de las acciones COST. A continuaci\u00f3n, V\u00edctor Quintero, t\u00e9cnico de apoyo a la comunidad investigadora de la ULL en proyectos internacionales, pas\u00f3 a explicar cu\u00e1les son actualmente las acciones COST y la relaci\u00f3n potencial que pueden tener con los Grupos de Investigaci\u00f3n de la instituci\u00f3n acad\u00e9mica. Finalmente, Catalina Ruiz y Jos\u00e9 Pascual, integrantes de grupos de investigaci\u00f3n de la ULL, compartieron sus experiencias de participaci\u00f3n de este programa.<\/p>\n","protected":false},"excerpt":{"rendered":"<p>Ten\u00eda lugar el pasado 24 de noviembre en el Aula Magna de la Facultad de Ciencias en su secci\u00f3n de Matem\u00e1ticas y F\u00edsica de la mano de Noelia Romero, coordinadora nacional del programa y V\u00edctor Quintero, t\u00e9cnico de proyectos europeos de la Fundaci\u00f3n General de la Universidad de La Laguna.<\/p>\n","protected":false},"author":35,"featured_media":21502,"comment_status":"closed","ping_status":"closed","sticky":false,"template":"","format":"standard","meta":{"footnotes":""},"categories":[5,10,13],"tags":[523,529,1396,1426],"featured_image_thumbnail_url":"https:\/\/fg.ull.es\/hemeroteca\/wp-content\/uploads\/sites\/14\/2015\/11\/logo_cost-300x63.png","_links":{"self":[{"href":"https:\/\/fg.ull.es\/hemeroteca\/wp-json\/wp\/v2\/posts\/21501"}],"collection":[{"href":"https:\/\/fg.ull.es\/hemeroteca\/wp-json\/wp\/v2\/posts"}],"about":[{"href":"https:\/\/fg.ull.es\/hemeroteca\/wp-json\/wp\/v2\/types\/post"}],"author":[{"embeddable":true,"href":"https:\/\/fg.ull.es\/hemeroteca\/wp-json\/wp\/v2\/users\/35"}],"replies":[{"embeddable":true,"href":"https:\/\/fg.ull.es\/hemeroteca\/wp-json\/wp\/v2\/comments?post=21501"}],"version-history":[{"count":0,"href":"https:\/\/fg.ull.es\/hemeroteca\/wp-json\/wp\/v2\/posts\/21501\/revisions"}],"wp:featuredmedia":[{"embeddable":true,"href":"https:\/\/fg.ull.es\/hemeroteca\/wp-json\/wp\/v2\/media\/21502"}],"wp:attachment":[{"href":"https:\/\/fg.ull.es\/hemeroteca\/wp-json\/wp\/v2\/media?parent=21501"}],"wp:term":[{"taxonomy":"category","embeddable":true,"href":"https:\/\/fg.ull.es\/hemeroteca\/wp-json\/wp\/v2\/categories?post=21501"},{"taxonomy":"post_tag","embeddable":true,"href":"https:\/\/fg.ull.es\/hemeroteca\/wp-json\/wp\/v2\/tags?post=21501"}],"curies":[{"name":"wp","href":"https:\/\/api.w.org\/{rel}","templated":true}]}}