{"id":21009,"date":"2015-10-28T22:48:02","date_gmt":"2015-10-28T22:48:02","guid":{"rendered":"http:\/\/www.fg.ull.es\/es\/?p=21009"},"modified":"2015-10-28T22:48:02","modified_gmt":"2015-10-28T22:48:02","slug":"convocatoria-de-una-beca-formativa-de-investigacion-para-recien-tituladosas-en-ingenieria-electronica-industrial-y-automatica","status":"publish","type":"post","link":"https:\/\/fg.ull.es\/hemeroteca\/2015\/10\/28\/convocatoria-de-una-beca-formativa-de-investigacion-para-recien-tituladosas-en-ingenieria-electronica-industrial-y-automatica\/","title":{"rendered":"Convocatoria de una beca formativa de investigaci\u00f3n para reci\u00e9n titulados\/as en Ingenier\u00eda Electr\u00f3nica Industrial y Autom\u00e1tica."},"content":{"rendered":"<h1><strong>Convocatoria de una beca formativa de investigaci\u00f3n para reci\u00e9n titulados\/as en Ingenier\u00eda Electr\u00f3nica Industrial y Autom\u00e1tica<\/strong><\/h1>\n<h4>El periodo de inscripci\u00f3n se inicia el 28 de octubre y finaliza el pr\u00f3ximo d\u00eda 2 de noviembre de 2015, ambos incluidos. Los\/as interesados\/as en participar en el proceso de selecci\u00f3n deben presentar su candidatura desde la sede electr\u00f3nica de la Fundaci\u00f3n.<\/h4>\n<p>A partir de hoy se abre la convocatoria para participar en el proceso de selecci\u00f3n de una beca formativa de investigaci\u00f3n participar en el proyecto \u201cAn\u00e1lisis de cracks y microcracks en c\u00e9lulas mono y multicristalinas y su comportamiento en m\u00f3dulos fotovoltaicos\u201d. Dicha beca est\u00e1 destinada a reci\u00e9n titulados\/as en Ingenier\u00eda Electr\u00f3nica Industrial y Autom\u00e1tica.<br \/>\nPara la inscripci\u00f3n es totalmente necesario el cumplimiento de los requisitos y expuesto en las <strong><a href=\"http:\/\/www.fg.ull.es\/wp-content\/uploads\/2015\/10\/Bases-Generales-Becas-formativas-de-investigaci\u00f3n1.pdf\" target=\"_blank\" rel=\"noopener noreferrer\">bases generales<\/a><\/strong> y <strong><a href=\"http:\/\/www.fg.ull.es\/wp-content\/uploads\/2015\/10\/Perfil-singular.pdf\" target=\"_blank\" rel=\"noopener noreferrer\">perfil singular<\/a><\/strong>. Inscripciones <strong><a href=\"https:\/\/sede.fg.ull.es\/es\/empleo\/detalle\/a15110161\/proceso-de-seleccion-de-una-beca-formativa-de-investigacion-para-participar-en-el-proyecto-analisis-de-cracks-y-microcracks-en-celulas-mono-y-multicri\" target=\"_blank\" rel=\"noopener noreferrer\">aqu\u00ed<\/a><\/strong>.<\/p>\n","protected":false},"excerpt":{"rendered":"<p>Convocatoria de una beca formativa de investigaci\u00f3n para reci\u00e9n titulados\/as en Ingenier\u00eda Electr\u00f3nica Industrial y Autom\u00e1tica El periodo de inscripci\u00f3n se inicia el 28 de octubre y finaliza el pr\u00f3ximo d\u00eda 2 de noviembre de 2015, ambos incluidos. Los\/as interesados\/as en participar en el proceso de selecci\u00f3n deben presentar su candidatura desde la sede electr\u00f3nica&#8230;<\/p>\n","protected":false},"author":5,"featured_media":0,"comment_status":"closed","ping_status":"closed","sticky":false,"template":"","format":"standard","meta":{"footnotes":""},"categories":[2],"tags":[230,862],"featured_image_thumbnail_url":null,"_links":{"self":[{"href":"https:\/\/fg.ull.es\/hemeroteca\/wp-json\/wp\/v2\/posts\/21009"}],"collection":[{"href":"https:\/\/fg.ull.es\/hemeroteca\/wp-json\/wp\/v2\/posts"}],"about":[{"href":"https:\/\/fg.ull.es\/hemeroteca\/wp-json\/wp\/v2\/types\/post"}],"author":[{"embeddable":true,"href":"https:\/\/fg.ull.es\/hemeroteca\/wp-json\/wp\/v2\/users\/5"}],"replies":[{"embeddable":true,"href":"https:\/\/fg.ull.es\/hemeroteca\/wp-json\/wp\/v2\/comments?post=21009"}],"version-history":[{"count":0,"href":"https:\/\/fg.ull.es\/hemeroteca\/wp-json\/wp\/v2\/posts\/21009\/revisions"}],"wp:attachment":[{"href":"https:\/\/fg.ull.es\/hemeroteca\/wp-json\/wp\/v2\/media?parent=21009"}],"wp:term":[{"taxonomy":"category","embeddable":true,"href":"https:\/\/fg.ull.es\/hemeroteca\/wp-json\/wp\/v2\/categories?post=21009"},{"taxonomy":"post_tag","embeddable":true,"href":"https:\/\/fg.ull.es\/hemeroteca\/wp-json\/wp\/v2\/tags?post=21009"}],"curies":[{"name":"wp","href":"https:\/\/api.w.org\/{rel}","templated":true}]}}