{"id":20851,"date":"2015-10-13T17:15:01","date_gmt":"2015-10-13T16:15:01","guid":{"rendered":"http:\/\/www.fg.ull.es\/es\/?p=20851"},"modified":"2015-10-13T17:15:01","modified_gmt":"2015-10-13T16:15:01","slug":"la-red-cide-y-la-ull-contribuyen-a-la-transferencia-de-conocimiento-apoyando-a-empresas-innovadoras-de-nueva-creacion","status":"publish","type":"post","link":"https:\/\/fg.ull.es\/hemeroteca\/2015\/10\/13\/la-red-cide-y-la-ull-contribuyen-a-la-transferencia-de-conocimiento-apoyando-a-empresas-innovadoras-de-nueva-creacion\/","title":{"rendered":"La Red CIDE  y la ULL contribuyen a la transferencia de conocimiento apoyando a empresas innovadoras de nueva creaci\u00f3n"},"content":{"rendered":"<h1>La Red CIDE \u00a0y la ULL contribuyen a la transferencia de conocimiento apoyando a empresas innovadoras de nueva creaci\u00f3n<\/h1>\n<h4>La Universidad de La Laguna, a trav\u00e9s de su Fundaci\u00f3n General, y con el amparo de la Red CIDE, est\u00e1n trabajando con la empresa B-Graffos International, S.L. para desarrollar una investigaci\u00f3n relacionada con el aumento de la estimulaci\u00f3n neuronal en individuos afectados por el trastorno del espectro autista.<\/h4>\n<p>La Universidad de La Laguna, junto a su Fundaci\u00f3n General, profundiza en su estrategia de transferencia del conocimiento generado por sus m\u00e1s de 1.600 investigadores hacia nuevas empresas que se lanzan al mercado. Uno de los mecanismos que actualmente ofrece resultados positivos es la Red CIDE, que a trav\u00e9s de su t\u00e9cnico de apoyo tecnol\u00f3gico y transferencia, lleva m\u00e1s de 8 a\u00f1os trabajando en la uni\u00f3n del \u00e1mbito investigador y el empresarial.<br \/>\nUn caso paradigm\u00e1tico es el de la empresa <a href=\"http:\/\/graffos.es\/\">B-Graffos International<\/a>, que se centra en la mejora del rendimiento deportivo entrenando las capacidades mentales a trav\u00e9s de una aplicaci\u00f3n m\u00f3vil. Es una empresa de base tecnol\u00f3gica con or\u00edgenes en La Palma que ha recibido el apoyo y acompa\u00f1amiento de la Red CIDE desde principios de 2014, facilitando la entrada en el programa de b\u00fasqueda de financiaci\u00f3n <a href=\"http:\/\/www.pctt.es\/tfinvierte\/que-es-tf-invierte\/\">TF invierte<\/a> donde consigui\u00f3 100.000 \u20ac de inversi\u00f3n de diferentes business angels. La b\u00fasqueda de la innovaci\u00f3n constante de su promotor, Andr\u00e9s Sanfiel, le ha llevado a acercarse al conocimiento generado por los grupos de investigaci\u00f3n de la Universidad de La Laguna.<br \/>\nA trav\u00e9s de la mediaci\u00f3n de la Red CIDE se ha conseguido un primer convenio para el desarrollo de un algoritmo matem\u00e1tico para extracci\u00f3n de m\u00e9tricas recurrentes, firmado con D. Alberto Francisco Hamilton Castro, investigador de Ingenier\u00eda de Sistemas y Autom\u00e1tica, y la preparaci\u00f3n del proyecto de investigaci\u00f3n \u201cAumento\u00a0 de\u00a0 la\u00a0 estimulaci\u00f3n\u00a0 neuronal\u00a0 por medio\u00a0 de\u00a0 la\u00a0 reeducaci\u00f3n\u00a0 gr\u00e1fica en\u00a0 individuos\u00a0 afectados\u00a0 por\u00a0 el\u00a0 Trastorno\u00a0 del Espectro Autista (TEA)\u201d, el cual podr\u00eda materializarse con el grupo de investigaci\u00f3n de Neuroqu\u00edmica y Neuroimagen en los pr\u00f3ximos meses.<br \/>\n&nbsp;<br \/>\n<strong>Red CIDE<\/strong><br \/>\nLa Red CIDE, integrada por quince centros actualmente, presta servicios de asesoramiento y asistencia t\u00e9cnica a empresas y emprendedores, orientados fundamentalmente a ayudar a acceder a los instrumentos de financiaci\u00f3n y subvenci\u00f3n de apoyo a la innovaci\u00f3n -tanto regionales, nacionales, como europeos-, y tambi\u00e9n a la gesti\u00f3n de la innovaci\u00f3n dentro de las empresas, impulsando el desarrollo de empresas innovadoras con potencial de crecimiento.<br \/>\nPor otra parte, los t\u00e9cnicos de la Red asisten en la identificaci\u00f3n, planificaci\u00f3n y b\u00fasqueda de colaboradores y recursos para el desarrollo de proyectos de I+D+i, promoviendo la creaci\u00f3n de ecosistemas propicios para el fomento de la innovaci\u00f3n y el emprendimiento innovador en colaboraci\u00f3n.<br \/>\nEl objetivo \u00faltimo de esta iniciativa es fomentar las actividades de I+D+i empresariales, focalizadas en los \u00e1mbitos definidos en la Estrategia de Especializaci\u00f3n Inteligente de Canarias 2014-2020 (RIS3), aprobada por el Consejo de Gobierno del 26 de diciembre de 2013, para contribuir a la mejora de la competitividad del sector empresarial y a la creaci\u00f3n de empleo estable y de calidad, fortaleciendo el entorno socioecon\u00f3mico de Canarias.<\/p>\n","protected":false},"excerpt":{"rendered":"<p>La Universidad de La Laguna, a trav\u00e9s de su Fundaci\u00f3n General, y con el amparo de la Red CIDE, est\u00e1n trabajando con la empresa B-Graffos International, S.L. para desarrollar una investigaci\u00f3n relacionada con el aumento de la estimulaci\u00f3n neuronal en individuos afectados por el trastorno del espectro autista<\/p>\n","protected":false},"author":3,"featured_media":14715,"comment_status":"closed","ping_status":"closed","sticky":false,"template":"","format":"standard","meta":{"footnotes":""},"categories":[8,11],"tags":[821,862,1211,1381,1396,1425],"featured_image_thumbnail_url":"https:\/\/fg.ull.es\/hemeroteca\/wp-content\/uploads\/sites\/14\/2015\/04\/2339_jq_red_cidefeder1-300x96.jpg","_links":{"self":[{"href":"https:\/\/fg.ull.es\/hemeroteca\/wp-json\/wp\/v2\/posts\/20851"}],"collection":[{"href":"https:\/\/fg.ull.es\/hemeroteca\/wp-json\/wp\/v2\/posts"}],"about":[{"href":"https:\/\/fg.ull.es\/hemeroteca\/wp-json\/wp\/v2\/types\/post"}],"author":[{"embeddable":true,"href":"https:\/\/fg.ull.es\/hemeroteca\/wp-json\/wp\/v2\/users\/3"}],"replies":[{"embeddable":true,"href":"https:\/\/fg.ull.es\/hemeroteca\/wp-json\/wp\/v2\/comments?post=20851"}],"version-history":[{"count":0,"href":"https:\/\/fg.ull.es\/hemeroteca\/wp-json\/wp\/v2\/posts\/20851\/revisions"}],"wp:featuredmedia":[{"embeddable":true,"href":"https:\/\/fg.ull.es\/hemeroteca\/wp-json\/wp\/v2\/media\/14715"}],"wp:attachment":[{"href":"https:\/\/fg.ull.es\/hemeroteca\/wp-json\/wp\/v2\/media?parent=20851"}],"wp:term":[{"taxonomy":"category","embeddable":true,"href":"https:\/\/fg.ull.es\/hemeroteca\/wp-json\/wp\/v2\/categories?post=20851"},{"taxonomy":"post_tag","embeddable":true,"href":"https:\/\/fg.ull.es\/hemeroteca\/wp-json\/wp\/v2\/tags?post=20851"}],"curies":[{"name":"wp","href":"https:\/\/api.w.org\/{rel}","templated":true}]}}