{"id":20785,"date":"2015-10-08T13:21:41","date_gmt":"2015-10-08T12:21:41","guid":{"rendered":"http:\/\/www.fg.ull.es\/es\/?p=20785"},"modified":"2015-10-08T13:21:41","modified_gmt":"2015-10-08T12:21:41","slug":"la-unidad-movil-del-instituto-canario-de-hemodonacion-y-hemoterapia-estara-hoy-en-los-aledanos-de-la-torre-profesor-agustin-arevalo-de-la-ull","status":"publish","type":"post","link":"https:\/\/fg.ull.es\/hemeroteca\/2015\/10\/08\/la-unidad-movil-del-instituto-canario-de-hemodonacion-y-hemoterapia-estara-hoy-en-los-aledanos-de-la-torre-profesor-agustin-arevalo-de-la-ull\/","title":{"rendered":"La Unidad M\u00f3vil del Instituto Canario de Hemodonaci\u00f3n y Hemoterapia estar\u00e1 hoy en los aleda\u00f1os de la Torre Profesor Agust\u00edn Ar\u00e9valo de la ULL"},"content":{"rendered":"<h1>La Unidad M\u00f3vil del Instituto Canario de Hemodonaci\u00f3n y Hemoterapia estar\u00e1 hoy en los aleda\u00f1os de la Torre Profesor Agust\u00edn Ar\u00e9valo de la ULL<\/h1>\n<h4>Las personas que deseen colaborar pueden acercarse hasta las 20.15 horas. La campa\u00f1a de donaci\u00f3n proseguir\u00e1 hasta el 15 de octubre en diferentes facultades de la ULL.<\/h4>\n<p>El<strong><a href=\"http:\/\/www3.gobiernodecanarias.org\/sanidad\/ichh\/\" target=\"_blank\" rel=\"noopener noreferrer\"> Instituto Canario de Hemodonaci\u00f3n y Hemoterapia del Gobierno de Canarias<\/a><\/strong> contin\u00faa su campa\u00f1a universitaria de donaci\u00f3n de sangre para este curso acad\u00e9mico 2015\/2016. Desde el pasado <strong>28 de septiembre<\/strong> las distintas unidades m\u00f3viles del servicio sanitario han recorrido los diferentes campus universitarios y seguir\u00e1n con esta labor <strong>hasta el pr\u00f3ximo 15 de octubre<\/strong>. <strong>Hoy<\/strong>, 8 de octubre, sit\u00faan sus puntos de donaci\u00f3n en la <strong>zona exterior de la Torre Profesor Agust\u00edn Ar\u00e9valo<\/strong> y en la Facultad de Medicina.<br \/>\nCon esta campa\u00f1a se pretende sensibilizar a la comunidad universitaria de la importancia de la donaci\u00f3n de sangre. Las siguientes citas ser\u00e1n los pr\u00f3ximos 1<strong>3, 14 y 15 de octubre<\/strong>. El d\u00eda 13 las unidades m\u00f3viles se desplazar\u00e1n a las Facultades de Farmacia y de Bellas Artes, el 14 a la Escuela de Arquitectura T\u00e9cnica y la Biblioteca Central de Guajara y, por \u00faltimo, el 15 de octubre a la Escuela de Na\u00fatica, M\u00e1quinas y Radio-electr\u00f3nica Naval y a la Facultad de Derecho, Ciencias Pol\u00edticas y Sociales.<br \/>\n&nbsp;<\/p>\n","protected":false},"excerpt":{"rendered":"<p>Las personas que deseen colaborar pueden acercarse hasta las 20.15 horas. La campa\u00f1a de donaci\u00f3n proseguir\u00e1 hasta el 15 de octubre en diferentes facultades de la ULL.<\/p>\n","protected":false},"author":3,"featured_media":20786,"comment_status":"closed","ping_status":"closed","sticky":false,"template":"","format":"standard","meta":{"footnotes":""},"categories":[6,11],"tags":[759,1396,1424],"featured_image_thumbnail_url":"https:\/\/fg.ull.es\/hemeroteca\/wp-content\/uploads\/sites\/14\/2015\/10\/DSC_0840-300x201.jpg","_links":{"self":[{"href":"https:\/\/fg.ull.es\/hemeroteca\/wp-json\/wp\/v2\/posts\/20785"}],"collection":[{"href":"https:\/\/fg.ull.es\/hemeroteca\/wp-json\/wp\/v2\/posts"}],"about":[{"href":"https:\/\/fg.ull.es\/hemeroteca\/wp-json\/wp\/v2\/types\/post"}],"author":[{"embeddable":true,"href":"https:\/\/fg.ull.es\/hemeroteca\/wp-json\/wp\/v2\/users\/3"}],"replies":[{"embeddable":true,"href":"https:\/\/fg.ull.es\/hemeroteca\/wp-json\/wp\/v2\/comments?post=20785"}],"version-history":[{"count":0,"href":"https:\/\/fg.ull.es\/hemeroteca\/wp-json\/wp\/v2\/posts\/20785\/revisions"}],"wp:featuredmedia":[{"embeddable":true,"href":"https:\/\/fg.ull.es\/hemeroteca\/wp-json\/wp\/v2\/media\/20786"}],"wp:attachment":[{"href":"https:\/\/fg.ull.es\/hemeroteca\/wp-json\/wp\/v2\/media?parent=20785"}],"wp:term":[{"taxonomy":"category","embeddable":true,"href":"https:\/\/fg.ull.es\/hemeroteca\/wp-json\/wp\/v2\/categories?post=20785"},{"taxonomy":"post_tag","embeddable":true,"href":"https:\/\/fg.ull.es\/hemeroteca\/wp-json\/wp\/v2\/tags?post=20785"}],"curies":[{"name":"wp","href":"https:\/\/api.w.org\/{rel}","templated":true}]}}