{"id":20672,"date":"2015-09-28T14:59:37","date_gmt":"2015-09-28T13:59:37","guid":{"rendered":"http:\/\/www.fg.ull.es\/es\/?p=20672"},"modified":"2015-09-28T14:59:37","modified_gmt":"2015-09-28T13:59:37","slug":"segundo-listado-provisional-de-la-convocatoria-para-la-seleccion-de-personal-con-cargo-al-proyecto-estudio-antropologico-de-la-cueva-artificial-de-la-belena-cabra-cordoba","status":"publish","type":"post","link":"https:\/\/fg.ull.es\/hemeroteca\/2015\/09\/28\/segundo-listado-provisional-de-la-convocatoria-para-la-seleccion-de-personal-con-cargo-al-proyecto-estudio-antropologico-de-la-cueva-artificial-de-la-belena-cabra-cordoba\/","title":{"rendered":"Segundo listado provisional de la convocatoria para la selecci\u00f3n de personal con cargo al proyecto \u2018Estudio antropol\u00f3gico de la cueva artificial de La Bele\u00f1a (Cabra, C\u00f3rdoba)\u2019"},"content":{"rendered":"<h1><strong>Segundo listado provisional de la convocatoria para la selecci\u00f3n de personal con cargo al proyecto <em>\u2018Estudio antropol\u00f3gico de la cueva artificial de La Bele\u00f1a (Cabra, C\u00f3rdoba)\u2019<\/em><\/strong><\/h1>\n<h4>Finalizada la primera fase del proceso selectivo se procede a publicar el segundo listado provisional de aceptados\/as en la selecci\u00f3n de personal para cubrir la plaza de con cargo al proyecto <em>\u2018Estudio antropol\u00f3gico de la cueva artificial de La Bele\u00f1a (Cabra, C\u00f3rdoba)\u2019.<\/em><\/h4>\n<p>A partir del 29 de septiembre de 2015, comienza el periodo de eventuales alegaciones que finalizar\u00e1 a las 23.59 horas del 01 de octubre de 2015. Finalizado \u00e9ste y resueltas las alegaciones, se proceder\u00e1 a publicar el segundo listado definitivo con la confecci\u00f3n de la bolsa.<br \/>\nLas alegaciones \u00fanica y exclusivamente se podr\u00e1n presentar telem\u00e1ticamente al correo electr\u00f3nico seleccion@fg.ull.es y utilizando el siguiente documento normalizado: <a href=\"http:\/\/www.fg.ull.es\/wp-content\/uploads\/2015\/08\/documento-de-alegaciones-1.doc\" target=\"_blank\" rel=\"noopener noreferrer\">documento de alegaciones.<\/a><br \/>\nPara la valoraci\u00f3n de todas y cada una de las candidaturas, y de los futuros procesos, se ha tomado\/tomar\u00e1 como fundamento lo especificado en \u00a0las\u00a0<a href=\"http:\/\/www.fg.ull.es\/wp-content\/uploads\/2015\/09\/BASES-CONVOCATORIA-DE-SELECCI%C3%93N-DE-PERSONAL.pdf\" target=\"_blank\" rel=\"noopener noreferrer\">bases generales<\/a> y <a href=\"http:\/\/www.fg.ull.es\/wp-content\/uploads\/2015\/09\/Perfil-singular-Bele%C3%B1a.pdf\" target=\"_blank\" rel=\"noopener noreferrer\">perfil singular<\/a>.<br \/>\nPuede ver el listado <a href=\"http:\/\/www.fg.ull.es\/wp-content\/uploads\/2015\/09\/20150928-2\u00ba-Listado-Provisional.pdf\" target=\"_blank\" rel=\"noopener noreferrer\">aqu\u00ed<\/a><\/p>\n","protected":false},"excerpt":{"rendered":"<p>Segundo listado provisional de la convocatoria para la selecci\u00f3n de personal con cargo al proyecto \u2018Estudio antropol\u00f3gico de la cueva artificial de La Bele\u00f1a (Cabra, C\u00f3rdoba)\u2019 Finalizada la primera fase del proceso selectivo se procede a publicar el segundo listado provisional de aceptados\/as en la selecci\u00f3n de personal para cubrir la plaza de con cargo&#8230;<\/p>\n","protected":false},"author":5,"featured_media":0,"comment_status":"closed","ping_status":"closed","sticky":false,"template":"","format":"standard","meta":{"footnotes":""},"categories":[2],"tags":[518,862],"featured_image_thumbnail_url":null,"_links":{"self":[{"href":"https:\/\/fg.ull.es\/hemeroteca\/wp-json\/wp\/v2\/posts\/20672"}],"collection":[{"href":"https:\/\/fg.ull.es\/hemeroteca\/wp-json\/wp\/v2\/posts"}],"about":[{"href":"https:\/\/fg.ull.es\/hemeroteca\/wp-json\/wp\/v2\/types\/post"}],"author":[{"embeddable":true,"href":"https:\/\/fg.ull.es\/hemeroteca\/wp-json\/wp\/v2\/users\/5"}],"replies":[{"embeddable":true,"href":"https:\/\/fg.ull.es\/hemeroteca\/wp-json\/wp\/v2\/comments?post=20672"}],"version-history":[{"count":0,"href":"https:\/\/fg.ull.es\/hemeroteca\/wp-json\/wp\/v2\/posts\/20672\/revisions"}],"wp:attachment":[{"href":"https:\/\/fg.ull.es\/hemeroteca\/wp-json\/wp\/v2\/media?parent=20672"}],"wp:term":[{"taxonomy":"category","embeddable":true,"href":"https:\/\/fg.ull.es\/hemeroteca\/wp-json\/wp\/v2\/categories?post=20672"},{"taxonomy":"post_tag","embeddable":true,"href":"https:\/\/fg.ull.es\/hemeroteca\/wp-json\/wp\/v2\/tags?post=20672"}],"curies":[{"name":"wp","href":"https:\/\/api.w.org\/{rel}","templated":true}]}}