{"id":20660,"date":"2015-09-28T10:14:54","date_gmt":"2015-09-28T09:14:54","guid":{"rendered":"http:\/\/www.fg.ull.es\/es\/?p=20660"},"modified":"2015-09-28T10:14:54","modified_gmt":"2015-09-28T09:14:54","slug":"primer-listado-definitivo-de-la-convocatoria-de-una-beca-formativa-de-investigacion-para-participar-en-el-proyecto-elaboracion-de-un-analisis-de-la-biologia-reproductiva-de-la-retama-del-teid","status":"publish","type":"post","link":"https:\/\/fg.ull.es\/hemeroteca\/2015\/09\/28\/primer-listado-definitivo-de-la-convocatoria-de-una-beca-formativa-de-investigacion-para-participar-en-el-proyecto-elaboracion-de-un-analisis-de-la-biologia-reproductiva-de-la-retama-del-teid\/","title":{"rendered":"Primer listado definitivo de la convocatoria de una beca formativa de investigaci\u00f3n para participar en el proyecto \u201cElaboraci\u00f3n de un An\u00e1lisis de La Biolog\u00eda Reproductiva de La Retama del Teide\u201d"},"content":{"rendered":"<h1><strong>Primer listado definitivo de la convocatoria de una beca formativa de investigaci\u00f3n para participar en el proyecto \u201cElaboraci\u00f3n de un An\u00e1lisis de La Biolog\u00eda Reproductiva de La Retama del Teide\u201d<\/strong><\/h1>\n<h4>Finalizado el periodo de alegaciones se procede a publicar el listado con las personas que han sido seleccionadas para la segunda fase del proceso.<\/h4>\n<p>A partir del 28 de septiembre de 2015, comienza la segunda fase del proceso.<br \/>\nPara la valoraci\u00f3n de todas y cada una de las candidaturas, y de los futuros procesos, se ha tomado\/tomar\u00e1 como fundamento lo especificado en las <a href=\"http:\/\/www.fg.ull.es\/wp-content\/uploads\/2015\/09\/Bases-Generales-Becas-formativas-de-investigaci%C3%B3n-1.pdf\" target=\"_blank\" rel=\"noopener noreferrer\">bases generales<\/a> y en el <a href=\"http:\/\/www.fg.ull.es\/wp-content\/uploads\/2015\/09\/Perfil-singular-abeja.pdf\" target=\"_blank\" rel=\"noopener noreferrer\">perfil singular<\/a>.<br \/>\nPuede ver el listado <a href=\"http:\/\/www.fg.ull.es\/wp-content\/uploads\/2015\/09\/20150928-1\u00ba-Listado-Definitivo.pdf\" target=\"_blank\" rel=\"noopener noreferrer\">aqu\u00ed<\/a>.<\/p>\n","protected":false},"excerpt":{"rendered":"<p>Primer listado definitivo de la convocatoria de una beca formativa de investigaci\u00f3n para participar en el proyecto \u201cElaboraci\u00f3n de un An\u00e1lisis de La Biolog\u00eda Reproductiva de La Retama del Teide\u201d Finalizado el periodo de alegaciones se procede a publicar el listado con las personas que han sido seleccionadas para la segunda fase del proceso. A&#8230;<\/p>\n","protected":false},"author":5,"featured_media":0,"comment_status":"closed","ping_status":"closed","sticky":false,"template":"","format":"standard","meta":{"footnotes":""},"categories":[2],"tags":[230,862],"featured_image_thumbnail_url":null,"_links":{"self":[{"href":"https:\/\/fg.ull.es\/hemeroteca\/wp-json\/wp\/v2\/posts\/20660"}],"collection":[{"href":"https:\/\/fg.ull.es\/hemeroteca\/wp-json\/wp\/v2\/posts"}],"about":[{"href":"https:\/\/fg.ull.es\/hemeroteca\/wp-json\/wp\/v2\/types\/post"}],"author":[{"embeddable":true,"href":"https:\/\/fg.ull.es\/hemeroteca\/wp-json\/wp\/v2\/users\/5"}],"replies":[{"embeddable":true,"href":"https:\/\/fg.ull.es\/hemeroteca\/wp-json\/wp\/v2\/comments?post=20660"}],"version-history":[{"count":0,"href":"https:\/\/fg.ull.es\/hemeroteca\/wp-json\/wp\/v2\/posts\/20660\/revisions"}],"wp:attachment":[{"href":"https:\/\/fg.ull.es\/hemeroteca\/wp-json\/wp\/v2\/media?parent=20660"}],"wp:term":[{"taxonomy":"category","embeddable":true,"href":"https:\/\/fg.ull.es\/hemeroteca\/wp-json\/wp\/v2\/categories?post=20660"},{"taxonomy":"post_tag","embeddable":true,"href":"https:\/\/fg.ull.es\/hemeroteca\/wp-json\/wp\/v2\/tags?post=20660"}],"curies":[{"name":"wp","href":"https:\/\/api.w.org\/{rel}","templated":true}]}}