{"id":20655,"date":"2015-09-28T09:02:32","date_gmt":"2015-09-28T08:02:32","guid":{"rendered":"http:\/\/www.fg.ull.es\/es\/?p=20655"},"modified":"2015-09-28T09:02:32","modified_gmt":"2015-09-28T08:02:32","slug":"oferta-formativa-con-comienzo-en-la-semana-del-5-de-octubre","status":"publish","type":"post","link":"https:\/\/fg.ull.es\/hemeroteca\/2015\/09\/28\/oferta-formativa-con-comienzo-en-la-semana-del-5-de-octubre\/","title":{"rendered":"Oferta formativa con comienzo en la semana del 5 de octubre"},"content":{"rendered":"<h1>Oferta formativa con comienzo en la semana del 5\u00a0de octubre<\/h1>\n<h4>Presentamos los cursos con comienzo en la semana del 5\u00a0de septiembre. La inscripci\u00f3n est\u00e1 ya disponible en nuestra sede electr\u00f3nica.<\/h4>\n<p><span style=\"color: #333333\">Para acceder a m\u00e1s informaci\u00f3n y matr\u00edcula, pueden hacer clic sobre el t\u00edtulo de cada curso en<\/span> <span style=\"text-decoration: underline;color: #005689\"><strong><a style=\"color: #005689;text-decoration: underline\" href=\"http:\/\/www.fg.ull.es\/wp-content\/uploads\/2015\/09\/cartel_semana_5_octubre.pdf\">este cartel<\/a><\/strong><\/span>.<\/p>\n","protected":false},"excerpt":{"rendered":"<p>Presentamos los cursos con comienzo en la semana del 5 de octubre. La inscripci\u00f3n est\u00e1 ya disponible en nuestra sede electr\u00f3nica.<\/p>\n","protected":false},"author":4,"featured_media":20656,"comment_status":"closed","ping_status":"closed","sticky":false,"template":"","format":"standard","meta":{"footnotes":""},"categories":[5,12,13],"tags":[425,672,1353],"featured_image_thumbnail_url":"https:\/\/fg.ull.es\/hemeroteca\/wp-content\/uploads\/sites\/14\/2015\/09\/banner_cursos_5_octubre.-300x161.jpg","_links":{"self":[{"href":"https:\/\/fg.ull.es\/hemeroteca\/wp-json\/wp\/v2\/posts\/20655"}],"collection":[{"href":"https:\/\/fg.ull.es\/hemeroteca\/wp-json\/wp\/v2\/posts"}],"about":[{"href":"https:\/\/fg.ull.es\/hemeroteca\/wp-json\/wp\/v2\/types\/post"}],"author":[{"embeddable":true,"href":"https:\/\/fg.ull.es\/hemeroteca\/wp-json\/wp\/v2\/users\/4"}],"replies":[{"embeddable":true,"href":"https:\/\/fg.ull.es\/hemeroteca\/wp-json\/wp\/v2\/comments?post=20655"}],"version-history":[{"count":0,"href":"https:\/\/fg.ull.es\/hemeroteca\/wp-json\/wp\/v2\/posts\/20655\/revisions"}],"wp:featuredmedia":[{"embeddable":true,"href":"https:\/\/fg.ull.es\/hemeroteca\/wp-json\/wp\/v2\/media\/20656"}],"wp:attachment":[{"href":"https:\/\/fg.ull.es\/hemeroteca\/wp-json\/wp\/v2\/media?parent=20655"}],"wp:term":[{"taxonomy":"category","embeddable":true,"href":"https:\/\/fg.ull.es\/hemeroteca\/wp-json\/wp\/v2\/categories?post=20655"},{"taxonomy":"post_tag","embeddable":true,"href":"https:\/\/fg.ull.es\/hemeroteca\/wp-json\/wp\/v2\/tags?post=20655"}],"curies":[{"name":"wp","href":"https:\/\/api.w.org\/{rel}","templated":true}]}}