{"id":20646,"date":"2015-09-25T14:42:12","date_gmt":"2015-09-25T13:42:12","guid":{"rendered":"http:\/\/www.fg.ull.es\/es\/?p=20646"},"modified":"2015-09-25T14:42:12","modified_gmt":"2015-09-25T13:42:12","slug":"jornada-de-presentacion-de-la-red-de-business-angels-uniban","status":"publish","type":"post","link":"https:\/\/fg.ull.es\/hemeroteca\/2015\/09\/25\/jornada-de-presentacion-de-la-red-de-business-angels-uniban\/","title":{"rendered":"Jornada de presentaci\u00f3n de la Red de Business Angels UNIBAN"},"content":{"rendered":"<h1>Jornada de presentaci\u00f3n de la Red de Business Angels UNIBAN<\/h1>\n<h4>El pr\u00f3ximo 1 de octubre en el Espacio Cultural CajaCanarias en Santa Cruz de Tenerife la Red de Business Angels UNIBAN se dar\u00e1 a conocer de forma p\u00fablica con una jornada que incluir\u00e1 tambi\u00e9n experiencias emprendedoras de \u00e9xito y la conferencia de Andr\u00e9s Saborido, director Ejecutivo de Wayra Espa\u00f1a. La Asistencia es gratuita y las inscripciones est\u00e1n ya disponibles en la web del proyecto.<\/h4>\n<p>&nbsp;<br \/>\nEl pasado mes de julio se anunciaba que el proyecto <strong><a href=\"http:\/\/www.reduniban.com\/\" target=\"_blank\" rel=\"noopener noreferrer\">UNIBAN (University Business Angel Network)<\/a> <\/strong>para la creaci\u00f3n de una Red de Business Angels hab\u00eda sido aprobado por el Ministerio de Industria, Energ\u00eda y Turismo dentro del <a href=\"http:\/\/www.minetur.gob.es\/PortalAyudas\/Business\/Paginas\/Index.aspx\" target=\"_blank\" rel=\"noopener noreferrer\"><strong>Programa de Impulso a Redes de Business Angels<\/strong> <\/a>en su convocatoria 2015. Esta Red, que se centrar\u00e1 especialmente en la Comunidad Canaria, pone a la <strong><a href=\"http:\/\/www.ull.es\/\" target=\"_blank\" rel=\"noopener noreferrer\">Universidad de La Laguna<\/a> <\/strong>como actor principal junto a su Fundaci\u00f3n General que act\u00faa como gestora de la misma.<br \/>\nAs\u00ed, su objetivo es dar una mayor viabilidad a las empresas emergentes basadas en tecnolog\u00eda (<em>startups<\/em> en su acepci\u00f3n anglosajona) creadas en el marco universitario, prestando atenci\u00f3n espec\u00edfica a los proyectos de este tipo que surjan en la Universidad de La Laguna.<br \/>\nAunque en el periodo veraniego ya se realizaron varias actividades de la Red a trav\u00e9s del <strong><a href=\"http:\/\/fg.ull.es\/launchtf\/\" target=\"_blank\" rel=\"noopener noreferrer\">programa de pre-aceleraci\u00f3n de startups \u201claunchTF\u201d<\/a><\/strong>, la presentaci\u00f3n oficial tendr\u00e1 lugar el pr\u00f3ximo jueves 1 de octubre en la Sala de Conferencias del Espacio Cultural CajaCanarias con la colaboraci\u00f3n de la <strong><a href=\"http:\/\/www.fyde-cajacanarias.es\/\" target=\"_blank\" rel=\"noopener noreferrer\">Fundaci\u00f3n Fyde CajaCanarias<\/a><\/strong>.<br \/>\nEl <strong>programa de la jornada<\/strong> arranca a las 10.15 horas y se extender\u00e1 hasta las 12 horas. El evento se dirige a potenciales inversores, emprendedores y cualquier persona interesada en los negocios basados en Internet y su participaci\u00f3n es gratuita previa inscripci\u00f3n. Para la presentaci\u00f3n de la <strong><a href=\"http:\/\/www.reduniban.com\/\" target=\"_blank\" rel=\"noopener noreferrer\">Red UNIBAN<\/a><\/strong> se contar\u00e1 con la presencia de Francisco Garc\u00eda, vicerrector de Relaciones con la Sociedad de la ULL, y se dar\u00e1n a conocer diferentes detalles del proyecto, entre ellos su espacio web y sus canales de comunicaci\u00f3n social.<br \/>\nAdem\u00e1s, se contar\u00e1 con la participaci\u00f3n de Andr\u00e9s Saborido, director Ejecutivo de <strong><a href=\"http:\/\/wayra.co\/es\" target=\"_blank\" rel=\"noopener noreferrer\">Wayra Espa\u00f1a<\/a><\/strong>; Carlos Mart\u00ednez, CEO de <strong><a href=\"http:\/\/www.mand.partners\/\" target=\"_blank\" rel=\"noopener noreferrer\">M&amp;Partners<\/a>;<\/strong> Jes\u00fas Gonz\u00e1lez, impulsor de la <em>startup<\/em> ganadora del evento \u201cStartup Night\u201d de <em>launchTF<\/em>, <strong><a href=\"https:\/\/blogsterapp.com\/es\/\" target=\"_blank\" rel=\"noopener noreferrer\">BlogsterApp<\/a><\/strong>, y, por \u00faltimo, Blair Maclaren de <strong><a href=\"http:\/\/active-vp.com\/\" target=\"_blank\" rel=\"noopener noreferrer\">Active Venture Partners<\/a><\/strong>.<br \/>\nLa participaci\u00f3n es <strong>gratuita<\/strong> pero es preciso formalizar una inscripci\u00f3n de forma previa <strong><a href=\"https:\/\/www.eventbrite.es\/e\/entradas-invirtiendo-en-startups-red-de-inversores-uniban-18683651304\" target=\"_blank\" rel=\"noopener noreferrer\">AQU\u00cd<\/a>.<\/strong><br \/>\nEsta jornada es posible gracias a la colaboraci\u00f3n, entre otros, de la <strong><a href=\"http:\/\/www.redcide.es\/\" target=\"_blank\" rel=\"noopener noreferrer\">Red CIDE de Apoyo Tecnol\u00f3gico y Transferencia<\/a><\/strong>, una iniciativa del Gobierno de Canarias cofinanciada por la Agencia Canaria de Investigaci\u00f3n, Innovaci\u00f3n y Sociedad de la Informaci\u00f3n y por el Fondo Europeo de Desarrollo Regional en un 85%.<\/p>\n","protected":false},"excerpt":{"rendered":"<p>El pr\u00f3ximo 1 de octubre en el Espacio Cultural CajaCanarias en Santa Cruz de Tenerife la Red de Business Angels UNIBAN se dar\u00e1 a conocer de forma p\u00fablica con una jornada que incluir\u00e1 tambi\u00e9n experiencias emprendedoras de \u00e9xito y la conferencia de Andr\u00e9s Saborido, , director Ejecutivo de Wayra Espa\u00f1a. La Asistencia es gratuita y las inscripciones est\u00e1n ya disponibles en la web del proyecto.<\/p>\n","protected":false},"author":3,"featured_media":20647,"comment_status":"closed","ping_status":"closed","sticky":false,"template":"","format":"standard","meta":{"footnotes":""},"categories":[8,13],"tags":[258,283,535,821,1318,1396,1412,1424],"featured_image_thumbnail_url":"https:\/\/fg.ull.es\/hemeroteca\/wp-content\/uploads\/sites\/14\/2015\/09\/banner_555x314px1-300x169.jpg","_links":{"self":[{"href":"https:\/\/fg.ull.es\/hemeroteca\/wp-json\/wp\/v2\/posts\/20646"}],"collection":[{"href":"https:\/\/fg.ull.es\/hemeroteca\/wp-json\/wp\/v2\/posts"}],"about":[{"href":"https:\/\/fg.ull.es\/hemeroteca\/wp-json\/wp\/v2\/types\/post"}],"author":[{"embeddable":true,"href":"https:\/\/fg.ull.es\/hemeroteca\/wp-json\/wp\/v2\/users\/3"}],"replies":[{"embeddable":true,"href":"https:\/\/fg.ull.es\/hemeroteca\/wp-json\/wp\/v2\/comments?post=20646"}],"version-history":[{"count":0,"href":"https:\/\/fg.ull.es\/hemeroteca\/wp-json\/wp\/v2\/posts\/20646\/revisions"}],"wp:featuredmedia":[{"embeddable":true,"href":"https:\/\/fg.ull.es\/hemeroteca\/wp-json\/wp\/v2\/media\/20647"}],"wp:attachment":[{"href":"https:\/\/fg.ull.es\/hemeroteca\/wp-json\/wp\/v2\/media?parent=20646"}],"wp:term":[{"taxonomy":"category","embeddable":true,"href":"https:\/\/fg.ull.es\/hemeroteca\/wp-json\/wp\/v2\/categories?post=20646"},{"taxonomy":"post_tag","embeddable":true,"href":"https:\/\/fg.ull.es\/hemeroteca\/wp-json\/wp\/v2\/tags?post=20646"}],"curies":[{"name":"wp","href":"https:\/\/api.w.org\/{rel}","templated":true}]}}