{"id":20621,"date":"2015-09-24T13:13:37","date_gmt":"2015-09-24T12:13:37","guid":{"rendered":"http:\/\/www.fg.ull.es\/es\/?p=20621"},"modified":"2015-09-24T13:13:37","modified_gmt":"2015-09-24T12:13:37","slug":"llega-el-proyecto-reactivando-isora-mentoria-para-la-innovacion-empresarial-para-consolidar-el-tejido-empresarial-de-guia-de-isora","status":"publish","type":"post","link":"https:\/\/fg.ull.es\/hemeroteca\/2015\/09\/24\/llega-el-proyecto-reactivando-isora-mentoria-para-la-innovacion-empresarial-para-consolidar-el-tejido-empresarial-de-guia-de-isora\/","title":{"rendered":"Llega el proyecto \u201cReactivando Isora: mentor\u00eda para la innovaci\u00f3n empresarial\u201d para consolidar el tejido empresarial de Gu\u00eda de Isora"},"content":{"rendered":"<h1>Llega el proyecto \u201cReactivando Isora: mentor\u00eda para la innovaci\u00f3n empresarial\u201d para consolidar el tejido empresarial de Gu\u00eda de Isora<\/h1>\n<h4>Prestar\u00e1 asesoramiento y formaci\u00f3n de forma gratuita a diez empresas de la zona.\u00a0El plazo de inscripci\u00f3n para participar se cierra el pr\u00f3ximo 25 de septiembre.<\/h4>\n<p>El tejido empresarial de Gu\u00eda de Isora podr\u00e1 acceder a un diagn\u00f3stico y la posterior elaboraci\u00f3n de un plan de innovaci\u00f3n y mejora a trav\u00e9s del proyecto \u201cReactivando Isora: mentor\u00eda para la innovaci\u00f3n empresarial\u201d. Este proyecto surge gracias a la financiaci\u00f3n de la Consejer\u00eda de Econom\u00eda, Hacienda y Seguridad del Gobierno de Canarias y la colaboraci\u00f3n de la Universidad de La Laguna y su Fundaci\u00f3n General y el Ayuntamiento de Gu\u00eda de Isora.<br \/>\nActualmente, \u201cReactivando Isora\u201d se encuentra en fase de captaci\u00f3n de empresas interesadas en participar. El plazo de inscripci\u00f3n permanecer\u00e1 abierto hasta el pr\u00f3ximo viernes 25 de septiembre y puede participar cualquier empresa que tenga su domicilio social en Gu\u00eda de Isora, que disponga de local o espacio de venta al p\u00fablico y que lleve constituida desde hace m\u00e1s de dos a\u00f1os.<br \/>\nLas empresas interesadas pueden inscribirse accediendo a la web www.reactivandoisora.es y rellenando el formulario de inscripci\u00f3n que encuentran en la misma.<br \/>\nDe entre las empresas que se presenten se seleccionar\u00e1n las diez que participar\u00e1n en el proyecto. Un equipo t\u00e9cnico especializado en emprendimiento e innovaci\u00f3n realizar\u00e1 un diagn\u00f3stico de cada negocio y desde ah\u00ed comenzar\u00e1 una labor de apoyo al empresario en la toma de decisiones y la elaboraci\u00f3n de una propuesta de innovaci\u00f3n y de mejora. Esta propuesta se desarrollar\u00e1 a trav\u00e9s de una hoja de ruta que se propondr\u00e1 desde el proyecto y que el empresario ejecutar\u00e1 por s\u00ed mismo con el acompa\u00f1amiento del equipo de Reactivando Isora.<br \/>\nLas propuestas de innovaci\u00f3n versar\u00e1n en diferentes aspectos de la empresa tales como: mejorar en aspectos relacionados con los clientes valorando sus intereses, su satisfacci\u00f3n, su correcta segmentaci\u00f3n y captaci\u00f3n; mejorar con respecto al sistema de gesti\u00f3n y procesos de trabajo, las plataformas y aplicaciones utilizadas para desarrollar las tareas, la maquinaria y herramientas con las que se cuenta; mejorar en actividades relacionadas con sus recursos humanos, el aprendizaje y formaci\u00f3n de las personas que intervienen en la estructura de negocio o mejorar en lo referente a la secci\u00f3n econ\u00f3mica-financiera, gesti\u00f3n de costes, gesti\u00f3n de pagos, gesti\u00f3n de cobros as\u00ed como en todo lo relacionado con la una planificaci\u00f3n financiera adecuada al negocio y a los objetivos que se quieren conseguir a corto, medio y largo plazo.<\/p>\n","protected":false},"excerpt":{"rendered":"<p>Prestar\u00e1 asesoramiento y formaci\u00f3n de forma gratuita a diez empresas de la zona. El plazo de inscripci\u00f3n para participar se cierra el pr\u00f3ximo 25 de septiembre.<\/p>\n","protected":false},"author":3,"featured_media":20622,"comment_status":"closed","ping_status":"closed","sticky":false,"template":"","format":"standard","meta":{"footnotes":""},"categories":[3],"tags":[535,551,753,821,1353,1396,1424],"featured_image_thumbnail_url":"https:\/\/fg.ull.es\/hemeroteca\/wp-content\/uploads\/sites\/14\/2015\/09\/banner_202x202px.jpg","_links":{"self":[{"href":"https:\/\/fg.ull.es\/hemeroteca\/wp-json\/wp\/v2\/posts\/20621"}],"collection":[{"href":"https:\/\/fg.ull.es\/hemeroteca\/wp-json\/wp\/v2\/posts"}],"about":[{"href":"https:\/\/fg.ull.es\/hemeroteca\/wp-json\/wp\/v2\/types\/post"}],"author":[{"embeddable":true,"href":"https:\/\/fg.ull.es\/hemeroteca\/wp-json\/wp\/v2\/users\/3"}],"replies":[{"embeddable":true,"href":"https:\/\/fg.ull.es\/hemeroteca\/wp-json\/wp\/v2\/comments?post=20621"}],"version-history":[{"count":0,"href":"https:\/\/fg.ull.es\/hemeroteca\/wp-json\/wp\/v2\/posts\/20621\/revisions"}],"wp:featuredmedia":[{"embeddable":true,"href":"https:\/\/fg.ull.es\/hemeroteca\/wp-json\/wp\/v2\/media\/20622"}],"wp:attachment":[{"href":"https:\/\/fg.ull.es\/hemeroteca\/wp-json\/wp\/v2\/media?parent=20621"}],"wp:term":[{"taxonomy":"category","embeddable":true,"href":"https:\/\/fg.ull.es\/hemeroteca\/wp-json\/wp\/v2\/categories?post=20621"},{"taxonomy":"post_tag","embeddable":true,"href":"https:\/\/fg.ull.es\/hemeroteca\/wp-json\/wp\/v2\/tags?post=20621"}],"curies":[{"name":"wp","href":"https:\/\/api.w.org\/{rel}","templated":true}]}}