{"id":20600,"date":"2015-09-23T13:46:34","date_gmt":"2015-09-23T12:46:34","guid":{"rendered":"http:\/\/www.fg.ull.es\/es\/?p=20600"},"modified":"2015-09-23T13:46:34","modified_gmt":"2015-09-23T12:46:34","slug":"emprende-ull-presenta-sus-acciones-formativas-incluidas-en-el-catalogo-oficial-de-actividades-de-la-universidad-de-la-laguna","status":"publish","type":"post","link":"https:\/\/fg.ull.es\/hemeroteca\/2015\/09\/23\/emprende-ull-presenta-sus-acciones-formativas-incluidas-en-el-catalogo-oficial-de-actividades-de-la-universidad-de-la-laguna\/","title":{"rendered":"Emprende.ull presenta sus acciones formativas incluidas en el Cat\u00e1logo Oficial de actividades de la Universidad de La Laguna"},"content":{"rendered":"<h1>Emprende.ull presenta sus acciones formativas incluidas en el Cat\u00e1logo Oficial de actividades de la Universidad de La Laguna<\/h1>\n<h4>Las actividades son convalidables por cr\u00e9ditos ECTS y el alumnado puede elegir entre cuatro propuestas que tienen como factor com\u00fan la formaci\u00f3n y el desarrollo del esp\u00edritu emprendedor<\/h4>\n<p>&nbsp;<br \/>\n&nbsp;<br \/>\n<a href=\"http:\/\/fg.ull.es\/emprendeull\/\" target=\"_blank\" rel=\"noopener noreferrer\">Emprende.ull<\/a> \u00a0ofrece la posibilidad al alumnado universitario de la Universidad de La Laguna de obtener cr\u00e9ditos ECTS a trav\u00e9s de la realizaci\u00f3n de sus actividades formativas. Emprende.ull promueve la cultura emprendedora especialmente entre la comunidad universitaria. Para ello ofrece a los y las estudiantes con inter\u00e9s en emprender un sistema de apoyo integral desde las primeras fases del desarrollo del proyecto empresarial hasta la consolidaci\u00f3n final de la empresa.<br \/>\nEn el presente a\u00f1o acad\u00e9mico, adem\u00e1s, las acciones formativas de Emprende.ULL est\u00e1n recogidas en el Cat\u00e1logo Oficial de actividades de la Universidad de La Laguna. Se proponen varios itinerarios a los que se podr\u00e1 optar de forma independiente.<br \/>\nLas actividades reconocibles por cr\u00e9ditos ECTS son las siguientes:<br \/>\n&nbsp;<\/p>\n<p style=\"padding-left: 30px\"><span style=\"color: #000080\"><strong><a style=\"color: #000080\" href=\"http:\/\/fg.ull.es\/emprendeull\/ects\/#ciclo-de-4-pildoras-formativas-para-el-emprendedor-1-ects\">Ciclo de 4 P\u00edldoras Formativas para el Emprendedor (1 ECTS)<\/a><\/strong><\/span><\/p>\n<p style=\"padding-left: 30px\"><span style=\"color: #000080\"><strong><a style=\"color: #000080\" href=\"http:\/\/fg.ull.es\/emprendeull\/ects\/#taller-de-generacion-de-ideas-de-negocio-1-ects\">Taller de Generaci\u00f3n de Ideas de Negocio (1 ECTS)<\/a><\/strong><\/span><\/p>\n<p style=\"padding-left: 30px\"><span style=\"color: #000080\"><strong><a style=\"color: #000080\" href=\"http:\/\/fg.ull.es\/emprendeull\/ects\/#taller-preparate-para-emprender-3-ects\">Taller Prep\u00e1rate para Emprender (3 ECTS)<\/a><\/strong><\/span><\/p>\n<p style=\"padding-left: 30px\"><span style=\"color: #000080\"><strong><a style=\"color: #000080\" href=\"http:\/\/fg.ull.es\/emprendeull\/ects\/#itinerario-personalizado-emprende-ull-3-ects\">Itinerario Personalizado Emprende.ULL (3 ECTS)<\/a><\/strong><\/span><\/p>\n<p>&nbsp;<br \/>\nLa <strong>inscripci\u00f3n<\/strong> a las \u00a0diferentes actividades se realiza a trav\u00e9s de la\u00a0<a href=\"https:\/\/sede.fg.ull.es\/es\/emprendimiento\">sede electr\u00f3nica de la FGULL<\/a>.<br \/>\nPara m\u00e1s informaci\u00f3n sobre las actividades y el proceso de obtenci\u00f3n del certificado necesario para la convalidaci\u00f3n <strong><a href=\"http:\/\/fg.ull.es\/emprendeull\/\" target=\"_blank\" rel=\"noopener noreferrer\">haz clic AQU\u00cd.<\/a><\/strong><\/p>\n","protected":false},"excerpt":{"rendered":"<p>Las actividades son convalidables por cr\u00e9ditos ECTS y el alumnado puede elegir entre cuatro propuestas que tienen como factor com\u00fan la formaci\u00f3n y el desarrollo del esp\u00edritu emprendedor<\/p>\n","protected":false},"author":3,"featured_media":20601,"comment_status":"closed","ping_status":"closed","sticky":false,"template":"","format":"standard","meta":{"footnotes":""},"categories":[3,5,13],"tags":[499,523,535,538,672,1353,1396,1424,1426],"featured_image_thumbnail_url":"https:\/\/fg.ull.es\/hemeroteca\/wp-content\/uploads\/sites\/14\/2015\/09\/banner_webfgull555x312px-300x169.jpg","_links":{"self":[{"href":"https:\/\/fg.ull.es\/hemeroteca\/wp-json\/wp\/v2\/posts\/20600"}],"collection":[{"href":"https:\/\/fg.ull.es\/hemeroteca\/wp-json\/wp\/v2\/posts"}],"about":[{"href":"https:\/\/fg.ull.es\/hemeroteca\/wp-json\/wp\/v2\/types\/post"}],"author":[{"embeddable":true,"href":"https:\/\/fg.ull.es\/hemeroteca\/wp-json\/wp\/v2\/users\/3"}],"replies":[{"embeddable":true,"href":"https:\/\/fg.ull.es\/hemeroteca\/wp-json\/wp\/v2\/comments?post=20600"}],"version-history":[{"count":0,"href":"https:\/\/fg.ull.es\/hemeroteca\/wp-json\/wp\/v2\/posts\/20600\/revisions"}],"wp:featuredmedia":[{"embeddable":true,"href":"https:\/\/fg.ull.es\/hemeroteca\/wp-json\/wp\/v2\/media\/20601"}],"wp:attachment":[{"href":"https:\/\/fg.ull.es\/hemeroteca\/wp-json\/wp\/v2\/media?parent=20600"}],"wp:term":[{"taxonomy":"category","embeddable":true,"href":"https:\/\/fg.ull.es\/hemeroteca\/wp-json\/wp\/v2\/categories?post=20600"},{"taxonomy":"post_tag","embeddable":true,"href":"https:\/\/fg.ull.es\/hemeroteca\/wp-json\/wp\/v2\/tags?post=20600"}],"curies":[{"name":"wp","href":"https:\/\/api.w.org\/{rel}","templated":true}]}}