{"id":20573,"date":"2015-09-22T09:41:27","date_gmt":"2015-09-22T08:41:27","guid":{"rendered":"http:\/\/www.fg.ull.es\/es\/?p=20573"},"modified":"2015-09-22T09:41:27","modified_gmt":"2015-09-22T08:41:27","slug":"abierto-el-periodo-de-preinscripcion-del-curso-como-divulgar-mi-investigacion-cientifica-dirigido-al-personal-investigador-de-la-ull","status":"publish","type":"post","link":"https:\/\/fg.ull.es\/hemeroteca\/2015\/09\/22\/abierto-el-periodo-de-preinscripcion-del-curso-como-divulgar-mi-investigacion-cientifica-dirigido-al-personal-investigador-de-la-ull\/","title":{"rendered":"Abierto el periodo de preinscripci\u00f3n del curso \u201c\u00bfC\u00f3mo Divulgar mi Investigaci\u00f3n Cient\u00edfica?\u201d dirigido al personal investigador de la ULL"},"content":{"rendered":"<h1>Abierto el periodo de preinscripci\u00f3n del curso \u201c\u00bfC\u00f3mo Divulgar mi Investigaci\u00f3n Cient\u00edfica?\u201d dirigido al personal investigador de la ULL<\/h1>\n<h4>El curso tendr\u00e1 una duraci\u00f3n de 30 horas y se desarrollar\u00e1 del 14 de octubre al 5 de noviembre de 2015.<\/h4>\n<p>En abril de 2015, la Universidad de La Laguna y su Fundaci\u00f3n General, a trav\u00e9s de su <a href=\"http:\/\/ciencia.fg.ull.es\/\" target=\"_blank\" rel=\"noopener noreferrer\">Unidad de Cultura Cient\u00edfica y de la Innovaci\u00f3n (Cienci@ULL)<\/a>, organizaron y celebraron la primera edici\u00f3n del curso de comunicaci\u00f3n, divulgaci\u00f3n y difusi\u00f3n cient\u00edfica \u201c\u00bfC\u00f3mo Divulgar mi Investigaci\u00f3n Cient\u00edfica?\u201d, dirigido a su personal investigador.<br \/>\nTras los buenos resultados \u00a0de \u00e9ste se ha organizado\u00a0 una segunda edici\u00f3n que se celebrar\u00e1 el pr\u00f3ximo mes de octubre y para la que se han habilitado un total de 25 plazas. El curso tendr\u00e1 una duraci\u00f3n de 30 horas, de las cuales 20 ser\u00e1n presenciales y 10 de trabajo online a trav\u00e9s del aula virtual de la Fundaci\u00f3n General de la Universidad de La Laguna. Se han establecido 8 sesiones presenciales \u00a0que se impartir\u00e1n entre el 14 de octubre y el \u00a05 de noviembre de 2015.<br \/>\nEl objetivo del curso es sensibilizar al alumnado sobre la la importancia de la comunicaci\u00f3n y la divulgaci\u00f3n para hacer llegar a la sociedad los resultados de investigaci\u00f3n que se generan. Se tratar\u00e1 de mostrar la importancia del uso de un lenguaje cercano manteniendo\u00a0el rigor cient\u00edfico. Para ello, se introduce al alumnado en conceptos, m\u00e9todos y herramientas sobre el \u00e1mbito de la divulgaci\u00f3n cient\u00edfica.<br \/>\nLa direcci\u00f3n acad\u00e9mica de este curso correr\u00e1 a cargo de D\u00f1a. Carmen Rodr\u00edguez Wang\u00fcemert, profesora titular del departamento de Ciencias de la Comunicaci\u00f3n y Trabajo Social de la ULL y la coordinaci\u00f3n t\u00e9cnica e impartici\u00f3n del mismo se realizar\u00e1 a trav\u00e9s de la empresa C-May\u00fascula, especializada en divulgaci\u00f3n cient\u00edfica.<br \/>\nLa preinscripci\u00f3n estar\u00e1 abierta a partir <strong>del 21 de septiembre hasta el 9 de octubre de 2015<\/strong>.<br \/>\nEsta actividad se enmarca dentro de la tercera l\u00ednea estrat\u00e9gica de Cienci@ULL, Sensibilizaci\u00f3n y Formaci\u00f3n del personal investigador de la Universidad de La Laguna.<br \/>\nEst\u00e1 relacionada con la importancia que tiene la divulgaci\u00f3n y la difusi\u00f3n de los resultados de investigaci\u00f3n que se generan en los departamentos y estructuras cient\u00edficas de una universidad, como actividad clave para mejorar el conocimiento cient\u00edfico de la sociedad. El objetivo es crear un canal de di\u00e1logo entre el personal investigador y la ciudadan\u00eda, donde se muestre la repercusi\u00f3n directa de su labor de investigaci\u00f3n en la resoluci\u00f3n y\/o mejora de los problemas que se presentan en la vida real.<br \/>\n<strong><a href=\"http:\/\/ciencia.fg.ull.es\/actividades\/personal-investigador\/\" target=\"_blank\" rel=\"noopener noreferrer\">M\u00e1s informaci\u00f3n en\u00a0el este\u00a0enlace.<\/a><\/strong><br \/>\n&nbsp;<\/p>\n","protected":false},"excerpt":{"rendered":"<p>El curso tendr\u00e1 una duraci\u00f3n de 30 horas y se desarrollar\u00e1 del 14 de octubre al 5 de noviembre de 2015. <\/p>\n","protected":false},"author":3,"featured_media":20587,"comment_status":"closed","ping_status":"closed","sticky":false,"template":"","format":"standard","meta":{"footnotes":""},"categories":[5,8],"tags":[338,339,473,672,862,1353,1396,1424],"featured_image_thumbnail_url":"https:\/\/fg.ull.es\/hemeroteca\/wp-content\/uploads\/sites\/14\/2015\/09\/pantallaULL1432x592px-300x193.jpg","_links":{"self":[{"href":"https:\/\/fg.ull.es\/hemeroteca\/wp-json\/wp\/v2\/posts\/20573"}],"collection":[{"href":"https:\/\/fg.ull.es\/hemeroteca\/wp-json\/wp\/v2\/posts"}],"about":[{"href":"https:\/\/fg.ull.es\/hemeroteca\/wp-json\/wp\/v2\/types\/post"}],"author":[{"embeddable":true,"href":"https:\/\/fg.ull.es\/hemeroteca\/wp-json\/wp\/v2\/users\/3"}],"replies":[{"embeddable":true,"href":"https:\/\/fg.ull.es\/hemeroteca\/wp-json\/wp\/v2\/comments?post=20573"}],"version-history":[{"count":0,"href":"https:\/\/fg.ull.es\/hemeroteca\/wp-json\/wp\/v2\/posts\/20573\/revisions"}],"wp:featuredmedia":[{"embeddable":true,"href":"https:\/\/fg.ull.es\/hemeroteca\/wp-json\/wp\/v2\/media\/20587"}],"wp:attachment":[{"href":"https:\/\/fg.ull.es\/hemeroteca\/wp-json\/wp\/v2\/media?parent=20573"}],"wp:term":[{"taxonomy":"category","embeddable":true,"href":"https:\/\/fg.ull.es\/hemeroteca\/wp-json\/wp\/v2\/categories?post=20573"},{"taxonomy":"post_tag","embeddable":true,"href":"https:\/\/fg.ull.es\/hemeroteca\/wp-json\/wp\/v2\/tags?post=20573"}],"curies":[{"name":"wp","href":"https:\/\/api.w.org\/{rel}","templated":true}]}}