{"id":20568,"date":"2015-09-22T08:46:26","date_gmt":"2015-09-22T07:46:26","guid":{"rendered":"http:\/\/www.fg.ull.es\/es\/?p=20568"},"modified":"2015-09-22T08:46:26","modified_gmt":"2015-09-22T07:46:26","slug":"tenerife-se-convierte-en-el-centro-internacional-del-debate-sobre-transparencia-e-innovacion-publica-con-el-congreso-novagob-2015","status":"publish","type":"post","link":"https:\/\/fg.ull.es\/hemeroteca\/2015\/09\/22\/tenerife-se-convierte-en-el-centro-internacional-del-debate-sobre-transparencia-e-innovacion-publica-con-el-congreso-novagob-2015\/","title":{"rendered":"Tenerife se convierte en el centro internacional del debate sobre transparencia e innovaci\u00f3n p\u00fablica con el Congreso Novagob 2015"},"content":{"rendered":"<h1><strong>Tenerife se convierte en el centro internacional del debate sobre transparencia e innovaci\u00f3n p\u00fablica con el Congreso Novagob 2015<\/strong><\/h1>\n<p>&nbsp;<\/p>\n<h4><strong>El Congreso Iberoamericano de Innovaci\u00f3n P\u00fablica Novagob2015 tendr\u00e1 lugar los d\u00edas 5 y 6 de octubre en la ULL y se ha ampliado el aforo al completarse las 300 plazas ofertadas.<\/strong><\/h4>\n<h4><strong>Participar\u00e1n ponentes de primera l\u00ednea internacional como Mauricio Vald\u00e9s presidente del Instituto de Administraci\u00f3n P\u00fablica de M\u00e9xico, Borja Adsuara Varela, antiguo director de la estrategia nacional de Desarrollo de la Sociedad de la Informaci\u00f3n o Ana M\u00aa Ruiz Mart\u00ednez presidenta AEVAL.<\/strong><\/h4>\n<p>Los pr\u00f3ximos d\u00edas 5 y 6 de octubre tendr\u00e1 lugar en la Universidad de La Laguna, Tenerife, la segunda edici\u00f3n de <a href=\"http:\/\/www.congresonovagob.com\/\" target=\"_blank\" rel=\"noopener noreferrer\">Novagob 2015 Congreso Iberoamericano de Innovaci\u00f3n P\u00fablica<\/a> que re\u00fane nuevamente a m\u00e1s de 60 personalidades expertas en aspectos relacionados con las nuevas formas de gesti\u00f3n p\u00fablica, Gobierno Abierto e innovaci\u00f3n.<br \/>\nNovagob2015 se desarrollar\u00e1 por completo en la Universidad de La Laguna. La convocatoria ha superado las expectativas iniciales ya que a m\u00e1s de un mes de su celebraci\u00f3n el Congreso ya hab\u00eda cubierto su aforo inicial y la organizaci\u00f3n decidi\u00f3 trasladar su emplazamiento a la Facultad de Econom\u00eda, Empresa y Turismo para poder as\u00ed aumentar sus plazas que, a d\u00eda de hoy, ya est\u00e1n cubiertas superando las 300 personas inscritas. Los participantes provienen de diversos puntos del Estado y de varios pa\u00edses de Am\u00e9rica Latina.<br \/>\nNovagob2015 presenta un programa muy intenso con tres ponencias en plenario y diecisiete sesiones que se desarrollar\u00e1n de forma paralela y en las que se abordar\u00e1n aspectos m\u00e1s concretos a partir de mesas de debate y din\u00e1micas grupales. El di\u00e1logo de apertura se ha titulado Gobierno abierto y \u00e9tica p\u00fablica y participar\u00e1n Mauricio Vald\u00e9s, presidente del Instituto de Administraci\u00f3n P\u00fablica del Estado de M\u00e9xico, Daniel Cerd\u00e1n, comisionado Transparencia y Acceso a la Informaci\u00f3n P\u00fablica de Canarias, V\u00edctor Almonacid, secretario General del Ayuntamiento de Alzira, vicepresidente de COSITAL (Consejo General de Secretarios, Interventores y Tesoreros de la Administraci\u00f3n Local) y de la Comisi\u00f3n transparencia de la FEMP (Federaci\u00f3n Espa\u00f1ola de Municipios y Provincias) y Josep Ramon Fuentes i Gas\u00f3, profesor de Derecho Administrativo de la Universidad Rovira i Virgili, con la moderaci\u00f3n de \u00c1ngela Sierra, decana de la Facultad de Filosof\u00eda de la Universidad de La Laguna. El programa completo est\u00e1 disponible en la web del evento: <a href=\"http:\/\/www.congresonovagob.com\/\" target=\"_blank\" rel=\"noopener noreferrer\">www.congresonovagob.com.<\/a><br \/>\nLa organizaci\u00f3n del Congreso corre a cargo de la Universidad de La Laguna a trav\u00e9s de su Fundaci\u00f3n General y cuenta con la financiaci\u00f3n del Cabildo Insular de Tenerife y el apoyo en la gesti\u00f3n de la Red Social Novagob. Este encuentro de car\u00e1cter anual se ha convertido ya en uno de los Congresos de referencia para los profesionales del sector p\u00fablico y para aquellas personas interesadas en la mejora y modernizaci\u00f3n de las instituciones. Adem\u00e1s, la entidad co-organizadora del Congreso, la <a href=\"http:\/\/www.novagob.org\/\" target=\"_blank\" rel=\"noopener noreferrer\">Red Social Novagob<\/a>, entregar\u00e1 sus premios a la Excelencia 2015 que han sido seleccionados por su propia comunidad de innovadores p\u00fablicos para distinguir las mejores pr\u00e1cticas y compromisos con las administraciones p\u00fablicas iberoamericanas.<br \/>\nEl encuentro cuenta con el patrocinio y auspicio de organizaciones referentes del sector p\u00fablico como la Agencia Estatal de Evaluaci\u00f3n de las Pol\u00edticas P\u00fablicas y la Calidad de los Servicios (AEVAL), la Fundaci\u00f3n Democracia y Gobierno Local, la Secretar\u00eda General Iberoamericana (SEGIB), el Ayuntamiento de San Crist\u00f3bal de La Laguna, el Instituto de Administraci\u00f3n P\u00fablica del Estado de M\u00e9xico (IAPEM), la Fundaci\u00f3n Canaria para el Fomento del Trabajo y las empresas l\u00edderes AYTOS y Contactel.<br \/>\n&nbsp;<\/p>\n","protected":false},"excerpt":{"rendered":"<p>El Congreso Iberoamericano de Innovaci\u00f3n P\u00fablica Novagob2015 tendr\u00e1 lugar los d\u00edas 5 y 6 de octubre en la ULL y se ha ampliado el aforo al completarse las 300 plazas ofertadas.<\/p>\n","protected":false},"author":3,"featured_media":20570,"comment_status":"closed","ping_status":"closed","sticky":false,"template":"","format":"standard","meta":{"footnotes":""},"categories":[8,13],"tags":[728,821,1353,1382,1396,1424,1426],"featured_image_thumbnail_url":"https:\/\/fg.ull.es\/hemeroteca\/wp-content\/uploads\/sites\/14\/2015\/09\/correo500pxwidthV2-300x193.png","_links":{"self":[{"href":"https:\/\/fg.ull.es\/hemeroteca\/wp-json\/wp\/v2\/posts\/20568"}],"collection":[{"href":"https:\/\/fg.ull.es\/hemeroteca\/wp-json\/wp\/v2\/posts"}],"about":[{"href":"https:\/\/fg.ull.es\/hemeroteca\/wp-json\/wp\/v2\/types\/post"}],"author":[{"embeddable":true,"href":"https:\/\/fg.ull.es\/hemeroteca\/wp-json\/wp\/v2\/users\/3"}],"replies":[{"embeddable":true,"href":"https:\/\/fg.ull.es\/hemeroteca\/wp-json\/wp\/v2\/comments?post=20568"}],"version-history":[{"count":0,"href":"https:\/\/fg.ull.es\/hemeroteca\/wp-json\/wp\/v2\/posts\/20568\/revisions"}],"wp:featuredmedia":[{"embeddable":true,"href":"https:\/\/fg.ull.es\/hemeroteca\/wp-json\/wp\/v2\/media\/20570"}],"wp:attachment":[{"href":"https:\/\/fg.ull.es\/hemeroteca\/wp-json\/wp\/v2\/media?parent=20568"}],"wp:term":[{"taxonomy":"category","embeddable":true,"href":"https:\/\/fg.ull.es\/hemeroteca\/wp-json\/wp\/v2\/categories?post=20568"},{"taxonomy":"post_tag","embeddable":true,"href":"https:\/\/fg.ull.es\/hemeroteca\/wp-json\/wp\/v2\/tags?post=20568"}],"curies":[{"name":"wp","href":"https:\/\/api.w.org\/{rel}","templated":true}]}}