{"id":20463,"date":"2015-09-16T10:31:11","date_gmt":"2015-09-16T09:31:11","guid":{"rendered":"http:\/\/www.fg.ull.es\/es\/?p=20463"},"modified":"2015-09-16T10:31:11","modified_gmt":"2015-09-16T09:31:11","slug":"programacion-mensual-de-cursos-para-octubre","status":"publish","type":"post","link":"https:\/\/fg.ull.es\/hemeroteca\/2015\/09\/16\/programacion-mensual-de-cursos-para-octubre\/","title":{"rendered":"Programaci\u00f3n mensual de cursos para octubre"},"content":{"rendered":"<h1>Programaci\u00f3n mensual de cursos para octubre<\/h1>\n<h4><span style=\"color: #ffffff\">&#8211;<\/span><\/h4>\n<h4>Para el pr\u00f3ximo mes de octubre\u00a0se presentan un total de diecisiete\u00a0cursos de tem\u00e1ticas muy variadas.<\/h4>\n<div class=\"contingut_tiny\">\nA continuaci\u00f3n pueden consultar la oferta formativa de la Fundaci\u00f3n para el mes de octubre. Se incluyen cursos tanto presenciales como v\u00eda online.<br \/>\n(<a href=\"http:\/\/www.fg.ull.es\/wp-content\/uploads\/2015\/09\/cursos_mensual_octubre_2015.pdf\">Cartel con enlaces a la inscripci\u00f3n y m\u00e1s informaci\u00f3n de cada curso)<\/a><br \/>\nLas personas interesadas pueden formalizar su inscripci\u00f3n hasta varios d\u00edas antes del comienzo de los cursos.<br \/>\nPara acceder a m\u00e1s informaci\u00f3n y matr\u00edcula, pueden hacerlo a trav\u00e9s de nuestra sede electr\u00f3nica.\n<\/div>\n","protected":false},"excerpt":{"rendered":"<p>Para el pr\u00f3ximo mes de octubre se presentan un total de diecisiete cursos de tem\u00e1ticas muy variadas.<\/p>\n","protected":false},"author":4,"featured_media":20465,"comment_status":"closed","ping_status":"closed","sticky":false,"template":"","format":"standard","meta":{"footnotes":""},"categories":[5,11,13],"tags":[425,672,1353,1424],"featured_image_thumbnail_url":"https:\/\/fg.ull.es\/hemeroteca\/wp-content\/uploads\/sites\/14\/2015\/09\/banner_cursos_facebook_octubre-300x168.jpg","_links":{"self":[{"href":"https:\/\/fg.ull.es\/hemeroteca\/wp-json\/wp\/v2\/posts\/20463"}],"collection":[{"href":"https:\/\/fg.ull.es\/hemeroteca\/wp-json\/wp\/v2\/posts"}],"about":[{"href":"https:\/\/fg.ull.es\/hemeroteca\/wp-json\/wp\/v2\/types\/post"}],"author":[{"embeddable":true,"href":"https:\/\/fg.ull.es\/hemeroteca\/wp-json\/wp\/v2\/users\/4"}],"replies":[{"embeddable":true,"href":"https:\/\/fg.ull.es\/hemeroteca\/wp-json\/wp\/v2\/comments?post=20463"}],"version-history":[{"count":0,"href":"https:\/\/fg.ull.es\/hemeroteca\/wp-json\/wp\/v2\/posts\/20463\/revisions"}],"wp:featuredmedia":[{"embeddable":true,"href":"https:\/\/fg.ull.es\/hemeroteca\/wp-json\/wp\/v2\/media\/20465"}],"wp:attachment":[{"href":"https:\/\/fg.ull.es\/hemeroteca\/wp-json\/wp\/v2\/media?parent=20463"}],"wp:term":[{"taxonomy":"category","embeddable":true,"href":"https:\/\/fg.ull.es\/hemeroteca\/wp-json\/wp\/v2\/categories?post=20463"},{"taxonomy":"post_tag","embeddable":true,"href":"https:\/\/fg.ull.es\/hemeroteca\/wp-json\/wp\/v2\/tags?post=20463"}],"curies":[{"name":"wp","href":"https:\/\/api.w.org\/{rel}","templated":true}]}}