{"id":20351,"date":"2015-09-04T09:51:34","date_gmt":"2015-09-04T08:51:34","guid":{"rendered":"http:\/\/www.fg.ull.es\/es\/?p=20351"},"modified":"2015-09-04T09:51:34","modified_gmt":"2015-09-04T08:51:34","slug":"el-ayuntamiento-de-el-rosario-y-la-fundacion-acuerdan-la-creacion-de-un-marco-de-colaboracion","status":"publish","type":"post","link":"https:\/\/fg.ull.es\/hemeroteca\/2015\/09\/04\/el-ayuntamiento-de-el-rosario-y-la-fundacion-acuerdan-la-creacion-de-un-marco-de-colaboracion\/","title":{"rendered":"El Ayuntamiento de El Rosario y la Fundaci\u00f3n acuerdan la creaci\u00f3n de un marco de colaboraci\u00f3n"},"content":{"rendered":"<h1>El Ayuntamiento de El Rosario y la Fundaci\u00f3n acuerdan la creaci\u00f3n de un marco de colaboraci\u00f3n<\/h1>\n<h4>Pr\u00f3ximamente se rubricar\u00e1 un convenio que permitir\u00e1 el desarrollo coordinado de acciones en el \u00e1mbito del desarrollo local y el patrimonio del municipio con la asistencia t\u00e9cnica de la Universidad de La Laguna.<\/h4>\n<p>&nbsp;<br \/>\nEl alcalde del Ayuntamiento de El Rosario, Escol\u00e1stico Gil, y el director gerente de la Fundaci\u00f3n General de la Universidad de La Laguna se reun\u00edan ayer [jueves 3 de septiembre] con el objetivo de establecer las bases para la ejecuci\u00f3n de futuras acciones.<br \/>\nEn el encuentro se trataron los puntos principales que vertebrar\u00e1n un futuro acuerdo de colaboraci\u00f3n entre el consistorio y la Universidad de La Laguna, a trav\u00e9s de su Fundaci\u00f3n General. Entre otros aspectos, se trat\u00f3 la posibilidad de conveniar servicios o asistencias t\u00e9cnicas que permitan al municipio apoyarse en el conocimiento generado en la Universidad de La Laguna.<br \/>\n<em>*Foto extra\u00edda de la web del Ayuntamiento del Rosario<\/em><\/p>\n","protected":false},"excerpt":{"rendered":"<p>Pr\u00f3ximamente se rubricar\u00e1 un convenio que permitir\u00e1 el desarrollo coordinado de acciones en el \u00e1mbito del desarrollo local y el patrimonio del municipio con la asistencia t\u00e9cnica de la Universidad de La Laguna. <\/p>\n","protected":false},"author":3,"featured_media":20352,"comment_status":"closed","ping_status":"closed","sticky":false,"template":"","format":"standard","meta":{"footnotes":""},"categories":[6,11],"tags":[392,513,1396,1424,1426],"featured_image_thumbnail_url":"https:\/\/fg.ull.es\/hemeroteca\/wp-content\/uploads\/sites\/14\/2015\/09\/Foto-FGULL-copia-300x251.jpg","_links":{"self":[{"href":"https:\/\/fg.ull.es\/hemeroteca\/wp-json\/wp\/v2\/posts\/20351"}],"collection":[{"href":"https:\/\/fg.ull.es\/hemeroteca\/wp-json\/wp\/v2\/posts"}],"about":[{"href":"https:\/\/fg.ull.es\/hemeroteca\/wp-json\/wp\/v2\/types\/post"}],"author":[{"embeddable":true,"href":"https:\/\/fg.ull.es\/hemeroteca\/wp-json\/wp\/v2\/users\/3"}],"replies":[{"embeddable":true,"href":"https:\/\/fg.ull.es\/hemeroteca\/wp-json\/wp\/v2\/comments?post=20351"}],"version-history":[{"count":0,"href":"https:\/\/fg.ull.es\/hemeroteca\/wp-json\/wp\/v2\/posts\/20351\/revisions"}],"wp:featuredmedia":[{"embeddable":true,"href":"https:\/\/fg.ull.es\/hemeroteca\/wp-json\/wp\/v2\/media\/20352"}],"wp:attachment":[{"href":"https:\/\/fg.ull.es\/hemeroteca\/wp-json\/wp\/v2\/media?parent=20351"}],"wp:term":[{"taxonomy":"category","embeddable":true,"href":"https:\/\/fg.ull.es\/hemeroteca\/wp-json\/wp\/v2\/categories?post=20351"},{"taxonomy":"post_tag","embeddable":true,"href":"https:\/\/fg.ull.es\/hemeroteca\/wp-json\/wp\/v2\/tags?post=20351"}],"curies":[{"name":"wp","href":"https:\/\/api.w.org\/{rel}","templated":true}]}}