{"id":20226,"date":"2015-07-31T13:29:33","date_gmt":"2015-07-31T12:29:33","guid":{"rendered":"http:\/\/www.fg.ull.es\/es\/?p=20226"},"modified":"2015-07-31T13:29:33","modified_gmt":"2015-07-31T12:29:33","slug":"finaliza-el-modulo-de-atencion-al-cliente-y-calidad-en-el-servicio-de-barrios-por-el-empleo-juntos-mas-fuertes-en-el-nodo-san-isidro-y-su-extension","status":"publish","type":"post","link":"https:\/\/fg.ull.es\/hemeroteca\/2015\/07\/31\/finaliza-el-modulo-de-atencion-al-cliente-y-calidad-en-el-servicio-de-barrios-por-el-empleo-juntos-mas-fuertes-en-el-nodo-san-isidro-y-su-extension\/","title":{"rendered":"Finaliza el m\u00f3dulo de &#039;Atenci\u00f3n al Cliente y Calidad en el Servicio&#039; de Barrios por el Empleo: Juntos m\u00e1s Fuertes en el nodo San Isidro y su extensi\u00f3n"},"content":{"rendered":"<h1>Finaliza el m\u00f3dulo de &#8216;Atenci\u00f3n al Cliente y Calidad en el Servicio&#8217; de Barrios por el Empleo: Juntos m\u00e1s Fuertes en el nodo San Isidro y su extensi\u00f3n<\/h1>\n<p>&nbsp;<\/p>\n<h4>El pasado jueves, 23 de julio, finaliz\u00f3 la formaci\u00f3n en &#8220;Atenci\u00f3n al Cliente y Calidad en el Servicio&#8221; del Grupo Diecinueve de Barrios por el Empleo: Juntos m\u00e1s Fuertes de San Isidro y su extensi\u00f3n.<\/h4>\n<p>&nbsp;<br \/>\nEl proyecto Barrios por el Empleo: Juntos m\u00e1s Fuertes contin\u00faa su andadura en los diferentes municipios de la isla de Tenerife. As\u00ed, el pasado jueves 23 de julio finaliz\u00f3 la formaci\u00f3n espec\u00edfica en &#8220;Atenci\u00f3n al Cliente y CAlidad en el Servicio&#8217; del Grupo Diecinueve de San Isidro y su extensi\u00f3n.<br \/>\nSe trata de un m\u00f3dulo de 80 horas perteneciente a la propuesta de formaci\u00f3n profesionalizante del proyecto. Nada mejor para terminar que una celebraci\u00f3n organizada y compartida por las propias personas participantes. \u00a1Enhorabuena a todos\/as!<br \/>\nEl proyecto Barrios por el Empleo: Juntos m\u00e1s fuertes est\u00e1 financiado por el Cabildo de Tenerife en colaboraci\u00f3n con FIFEDE y promovido por la Fundaci\u00f3n Canaria General de la Universidad de La Laguna.<br \/>\n&nbsp;<\/p>\n","protected":false},"excerpt":{"rendered":"<p>El pasado jueves, 23 de julio, ha tenido lugar la finalizaci\u00f3n de la formaci\u00f3n en &#8220;Atenci\u00f3n al Cliente y Calidad en el Servicio&#8221; del Grupo Diecinueve de Barrios por el Empleo: Juntos m\u00e1s Fuertes de San Isidro y su extensi\u00f3n.<\/p>\n","protected":false},"author":1,"featured_media":20230,"comment_status":"closed","ping_status":"closed","sticky":false,"template":"","format":"standard","meta":{"footnotes":""},"categories":[3,11,13],"tags":[672,1353,1424],"featured_image_thumbnail_url":"https:\/\/fg.ull.es\/hemeroteca\/wp-content\/uploads\/sites\/14\/2015\/07\/Imagen03-300x225.jpg","_links":{"self":[{"href":"https:\/\/fg.ull.es\/hemeroteca\/wp-json\/wp\/v2\/posts\/20226"}],"collection":[{"href":"https:\/\/fg.ull.es\/hemeroteca\/wp-json\/wp\/v2\/posts"}],"about":[{"href":"https:\/\/fg.ull.es\/hemeroteca\/wp-json\/wp\/v2\/types\/post"}],"author":[{"embeddable":true,"href":"https:\/\/fg.ull.es\/hemeroteca\/wp-json\/wp\/v2\/users\/1"}],"replies":[{"embeddable":true,"href":"https:\/\/fg.ull.es\/hemeroteca\/wp-json\/wp\/v2\/comments?post=20226"}],"version-history":[{"count":0,"href":"https:\/\/fg.ull.es\/hemeroteca\/wp-json\/wp\/v2\/posts\/20226\/revisions"}],"wp:featuredmedia":[{"embeddable":true,"href":"https:\/\/fg.ull.es\/hemeroteca\/wp-json\/wp\/v2\/media\/20230"}],"wp:attachment":[{"href":"https:\/\/fg.ull.es\/hemeroteca\/wp-json\/wp\/v2\/media?parent=20226"}],"wp:term":[{"taxonomy":"category","embeddable":true,"href":"https:\/\/fg.ull.es\/hemeroteca\/wp-json\/wp\/v2\/categories?post=20226"},{"taxonomy":"post_tag","embeddable":true,"href":"https:\/\/fg.ull.es\/hemeroteca\/wp-json\/wp\/v2\/tags?post=20226"}],"curies":[{"name":"wp","href":"https:\/\/api.w.org\/{rel}","templated":true}]}}