{"id":20142,"date":"2015-07-28T14:00:26","date_gmt":"2015-07-28T13:00:26","guid":{"rendered":"http:\/\/www.fg.ull.es\/es\/?p=20142"},"modified":"2015-07-28T14:00:26","modified_gmt":"2015-07-28T13:00:26","slug":"el-cabildo-de-tenerife-facilita-el-empleo-a-179-personas-a-traves-de-barrios-por-el-empleo-juntos-mas-fuertes","status":"publish","type":"post","link":"https:\/\/fg.ull.es\/hemeroteca\/2015\/07\/28\/el-cabildo-de-tenerife-facilita-el-empleo-a-179-personas-a-traves-de-barrios-por-el-empleo-juntos-mas-fuertes\/","title":{"rendered":"El Cabildo de Tenerife facilita el empleo a 179 personas a trav\u00e9s de \u2018Barrios por el Empleo Juntos m\u00e1s fuertes\u2019"},"content":{"rendered":"<h1>El Cabildo de Tenerife facilita el empleo a 179 personas a trav\u00e9s de \u2018Barrios por el Empleo Juntos m\u00e1s fuertes\u2019<\/h1>\n<p>&nbsp;<\/p>\n<h4>Ayer, 27 de julio, se presentaron los resultados obtenidos en la primera mitad del 2015 a trav\u00e9s del proyecto.<\/h4>\n<p>&nbsp;<br \/>\nEl presidente del Cabildo, Carlos Alonso, present\u00f3 ayer lunes [d\u00eda 27], junto al consejero de Empleo, Comercio, Industria y Desarrollo Econ\u00f3mico, Efra\u00edn Medina, los resultados obtenidos en la primera mitad de 2015 a trav\u00e9s del proyecto \u2018Barrios por el Empleo. Juntos m\u00e1s fuertes\u2019, de los que se desprenden que 1.535 personas de la Isla han mejorado su empleabilidad. De ellas, un total de 796 han realizado o est\u00e1n realizando un itinerario personalizado de inserci\u00f3n. Esta cifra supera los 500 itinerarios previstos (159, 20 por ciento). De igual modo, el n\u00famero de personas insertadas asciende a 179, de las que m\u00e1s de cien lo han hecho en el sector Servicios. Tambi\u00e9n se present\u00f3 la <a href=\"http:\/\/www.bxejuntosmasfuertes.com\/\" target=\"_blank\" rel=\"noopener noreferrer\">p\u00e1gina web del proyecto<\/a>, que recoger\u00e1 toda la informaci\u00f3n a cerca del mismo.<br \/>\nCarlos Alonso afirm\u00f3 que \u201cel proyecto ha tenido este a\u00f1o una fuerza m\u00e1s importante, la fuerza que da la union de todas las entidades. De ah\u00ed que los resultados hayan superado con creces todas las espectativas\u201d. Se\u00f1al\u00f3, tambi\u00e9n que \u201cdesde el Cabildo sabemos que trabajamos con personas, no con cifras o numerous. Queremos conocer los problemas de empleabilidad que existen en la Isla, la realidad social que nos rodea\u201d.<br \/>\nEl primer mandatario insular anunci\u00f3 que en la nueva convocatoria del Plan de Empleo del Cabildo se ha subvencionado a 77 empresas, \u201cy de ellas han sido 15 las que han contratado a personas participantes en el proyecto \u2018Barrios por el Empleo. Juntos m\u00e1s fuertes\u2019. De igual modo, inform\u00f3 de que en el pr\u00f3ximo mes de septiembre tundra lugar una reunion con todas las entidades participantes de esta actividad \u201cpara aver c\u00f3mo podemos seguir mejorando\u201d, y apunt\u00f3 que \u201cvamos a llevar una moci\u00f3n al Pleno del Cabildo para pedir a la Comunidad Aut\u00f3noma que analice este proyecto, para que pueda extrapolarlo a otros lugares del archipi\u00e9lago\u201d.<br \/>\nPor su parte, Efra\u00edn Medina hizo especial hincapi\u00e9 en la necesidad de disponer de una p\u00e1gina Web \u201ccomo la que hoy ponemos en marcha. Es una herramienta en la que podremos conocer todo a cerca del proyecto \u2018Barrios por el Empleo. Juntos m\u00e1s fuertes\u2019\u201d. Apunt\u00f3 que \u201cel secreto del \u00e9xito conseguido a la hora de cumplir con todos los indicadores propuestos ha sido la creencia de que pod\u00edamos cumplir todos los objetivos que nos propusi\u00e9semos\u201d.<br \/>\nCabe recordar que este proyecto se puso en marcha, a trav\u00e9s de la Fundaci\u00f3n Canaria Insular para la Formaci\u00f3n, el Empleo y el Desarrollo Empresarial, Fifede, tras la fima de un convenio marco a pricipios de a\u00f1o con las entidades especializadas en la promoci\u00f3n e intermediaci\u00f3n laboral como son C\u00e1ritas Diocesana de Tenerife, Cruz Roja Espa\u00f1ola, Fundaci\u00f3n Proyecto Don Bosco y la Fundaci\u00f3n General Universidad de La Laguna. El mismo pretende mejorar la empleabilidad de 2.000 personas desempleadas que se encuentran en dif\u00edciles circunstancias socioecon\u00f3micas primando su inserci\u00f3n laboral, a trav\u00e9s de la formaci\u00f3n y la cualificaci\u00f3n, entre otras actuaciones. Estos primeros seis meses del a\u00f1o la cifra ya supera m\u00e1s de la mitad del objetivo plateado.<br \/>\nEl aspecto formativo es uno de los pilares del proyecto, tanto en competencias b\u00e1sicas o transversales como espec\u00edficas de empleo o profesionalizantes. En este sentido, han sido 510 personas las que se han formado en competencias b\u00e1sicas como herramientas para la b\u00fasqueda activa de empleo, manipulador de alimentos b\u00e1sicos y espec\u00edficos en la elaboraci\u00f3n de comidas preparadas, seguridad alimentaria ante alergias e intolerancias alimentarias, uso y manejo de las nuevas tecnolog\u00edas, operario de carretilla elevadora y manipulador de alimentos, iniciaci\u00f3n al Latte Coffe.<br \/>\nDe igual modo, las competencias profesionalizantes han sido operaciones b\u00e1sicas de bar y restaurante, agricultura ecol\u00f3gica, actividades auxiliares de comercio y almac\u00e9n, operario de mantenimiento en Agricultura, operaciones b\u00e1sicas despiece productos c\u00e1rnicos, instalador de toldos, marmit\u00f3n y t\u00e9cnicas de cocina, y ayudante de Recepci\u00f3n.<br \/>\nCabe resaltar que las personas en situaci\u00f3n de exclusi\u00f3n social formadas en \u2018Barrios por el Empleo. Juntos m\u00e1s fuertes\u2019 han sido 510, lo que supera en un 212, 50 por ciento la cifra inicial prevista de 240 personas.<br \/>\nOtro aspecto destacable de los resultados obtenidos es la labor de prospecci\u00f3n centrada en las visitas a 477 empresas con la finalidad de conocer el tejido empresarial, las ocupaciones de dif\u00edcil cobertura y los nuevos yacimientos de empleo.<br \/>\n<strong>Otros datos<\/strong><br \/>\nLa mayor parte de las 1.535 personas atendidas por el proyecto \u2018Barrios por el empleo. Juntos m\u00e1s fuertes\u2019 se encuentra en la franja de edad comprendida entre los 18 y los 29 a\u00f1os (588 personas) y entre los 30 y los 45 a\u00f1os (625 personas). Del total de las mismas, unas 531 llevan m\u00e1s de dos a\u00f1os desempleadas, casi un tercio no tiene estudios, y solo 75 de llas poseen estudios superiores.<br \/>\nDe igual modo, un 94, 72 por ciento no est\u00e1 percibiendo ayuda econ\u00f3mica de ning\u00fan tipo, y la cuant\u00eda de las pocas que lo reciben es minima, por lo que no cubre los gastos de la unidad familiar.<br \/>\nEstos datos refuerzan la idea de motivar a las personas que participan en el proyecto hacia la formaci\u00f3n, con el objetivo de mejorar sus posibilidades laborales y hacerlos m\u00e1s competentes a la hora de buscar empleo.<br \/>\nCabe recordar que el proyecto \u2018Barrios por el Empleo: Juntos m\u00e1s fuertes\u2019 aspira a convertirse en un modelo de referencia de la colaboraci\u00f3n entre organizaciones, p\u00fablicas y privadas, compartiendo m\u00e9todos de trabajo, relaciones y redes, con la finalidad de promover la inserci\u00f3n de colectivos en situaci\u00f3n de riesgos de exclusi\u00f3n social. El mismo, pretende trabajar de manera directa y permanente con la comunidad a escala local, con el barrio en donde vive, haci\u00e9ndolo tambi\u00e9n protagonista del proyecto<br \/>\nPor tanto, las personas desempleadas se encuentran en major situaci\u00f3n a la hora de acceder a un puesto de trabajo al poseer cada una de ellas un\u00a0 plan de acci\u00f3n individual adaptado a sus necesidades y caracter\u00edsticas y atendiendo a su situaci\u00f3n personal, familiar y sociolaboral, que incluye al menos algunas de estas acciones: orientaci\u00f3n, formaci\u00f3n, cualificaci\u00f3n, reciclaje, pr\u00e1cticas en empresas, incluyendo medidas de acompa\u00f1amiento y en su caso de atenci\u00f3n social.<br \/>\n\u2018Barrios por el Empleo: Juntos m\u00e1s fuertes\u2019 actuar\u00e1 en los n\u00facleos de poblaci\u00f3n con los \u00edndices m\u00e1s altos de personas demandantes de empleo, y est\u00e1 presente en todo el territorio insular. El Proyecto est\u00e1 f\u00edsicamente ubicado en barrios con una alta tasa de desempleo, intercambiando experiencias y recursos en la zona de intervenci\u00f3n as\u00ed como llevando a cabo la celebraci\u00f3n de eventos que favorecen la participaci\u00f3n de la ciudadana.<\/p>\n","protected":false},"excerpt":{"rendered":"<p>Ayer, 27 de julio, se presentaron los resultados obtenidos en la primera mitad del 2015 a trav\u00e9s del proyecto.<\/p>\n","protected":false},"author":1,"featured_media":20143,"comment_status":"closed","ping_status":"closed","sticky":false,"template":"","format":"standard","meta":{"footnotes":""},"categories":[3,11,13],"tags":[518,671,1353],"featured_image_thumbnail_url":"https:\/\/fg.ull.es\/hemeroteca\/wp-content\/uploads\/sites\/14\/2015\/07\/Resultados-Barrios-por-el-empleo-02-300x199.jpg","_links":{"self":[{"href":"https:\/\/fg.ull.es\/hemeroteca\/wp-json\/wp\/v2\/posts\/20142"}],"collection":[{"href":"https:\/\/fg.ull.es\/hemeroteca\/wp-json\/wp\/v2\/posts"}],"about":[{"href":"https:\/\/fg.ull.es\/hemeroteca\/wp-json\/wp\/v2\/types\/post"}],"author":[{"embeddable":true,"href":"https:\/\/fg.ull.es\/hemeroteca\/wp-json\/wp\/v2\/users\/1"}],"replies":[{"embeddable":true,"href":"https:\/\/fg.ull.es\/hemeroteca\/wp-json\/wp\/v2\/comments?post=20142"}],"version-history":[{"count":0,"href":"https:\/\/fg.ull.es\/hemeroteca\/wp-json\/wp\/v2\/posts\/20142\/revisions"}],"wp:featuredmedia":[{"embeddable":true,"href":"https:\/\/fg.ull.es\/hemeroteca\/wp-json\/wp\/v2\/media\/20143"}],"wp:attachment":[{"href":"https:\/\/fg.ull.es\/hemeroteca\/wp-json\/wp\/v2\/media?parent=20142"}],"wp:term":[{"taxonomy":"category","embeddable":true,"href":"https:\/\/fg.ull.es\/hemeroteca\/wp-json\/wp\/v2\/categories?post=20142"},{"taxonomy":"post_tag","embeddable":true,"href":"https:\/\/fg.ull.es\/hemeroteca\/wp-json\/wp\/v2\/tags?post=20142"}],"curies":[{"name":"wp","href":"https:\/\/api.w.org\/{rel}","templated":true}]}}