{"id":19931,"date":"2015-07-21T14:17:46","date_gmt":"2015-07-21T13:17:46","guid":{"rendered":"http:\/\/www.fg.ull.es\/es\/?p=19931"},"modified":"2015-07-21T14:17:46","modified_gmt":"2015-07-21T13:17:46","slug":"barrios-por-el-empleo-juntos-mas-fuertes-pone-a-treinta-nuevas-personas-en-la-senda-del-empleo","status":"publish","type":"post","link":"https:\/\/fg.ull.es\/hemeroteca\/2015\/07\/21\/barrios-por-el-empleo-juntos-mas-fuertes-pone-a-treinta-nuevas-personas-en-la-senda-del-empleo\/","title":{"rendered":"\u2018Barrios por el Empleo: Juntos m\u00e1s Fuertes\u2019 pone a treinta nuevas personas en la senda del empleo"},"content":{"rendered":"<h1><strong>\u2018Barrios por el Empleo: Juntos m\u00e1s Fuertes\u2019<\/strong><strong> pone a treinta nuevas personas en la senda del empleo<\/strong><\/h1>\n<h4><\/h4>\n<h4><strong>El Grupo Diecis\u00e9is de esta iniciativa impulsada por el Cabildo de Tenerife y FIFEDE, est\u00e1 finalizando sus pr\u00e1cticas en empresas tras formarse como dependientes de comercio al por menor. Culminan as\u00ed un itinerario de preparaci\u00f3n para el empleo que comprende atenci\u00f3n individual, encuentros grupales, formaci\u00f3n ocupacional, tutor\u00edas grupales y formaci\u00f3n enfocada a la b\u00fasqueda activa de empleo. <\/strong><\/h4>\n<p>&nbsp;<br \/>\nUn nuevo grupo de personas desempleadas, el n\u00famero Diecis\u00e9is, est\u00e1 finalizando su proceso de preparaci\u00f3n y formaci\u00f3n para mejorar su empleabilidad en el contexto de la iniciativa <em>Barrios por el Empleo: Juntos m\u00e1s Fuertes<\/em>, promovida por el Cabildo de Tenerife y FIFEDE a trav\u00e9s de la Fundaci\u00f3n General de la Universidad de La Laguna, tras completar un itinerario por este Proyecto en el que se han formado como dependientes de comercio al por menor, un \u00e1mbito en el que, actualmente, est\u00e1n realizando sus pr\u00e1cticas en empresas relacionadas con dicha formaci\u00f3n.<br \/>\nAlrededor de treinta personas procedentes de los barrios de Taco, La Cuesta, Santa Mar\u00eda del Mar y Alisios est\u00e1n dando, de este modo, sus \u00faltimos pasos en el proceso formativo que ofrece la iniciativa <em>Barrios por el Empleo: Juntos m\u00e1s Fuertes<\/em>, que comprende atenci\u00f3n individual y especializada, encuentros de grupo, formaci\u00f3n ocupacional, tutor\u00edas grupales, pr\u00e1cticas en empresas, formaci\u00f3n enfocada a la b\u00fasqueda activa de empleo y la elaboraci\u00f3n de un estudio del sector espec\u00edfico al que se ha enfocado la formaci\u00f3n, realizado por las propias personas participantes.<br \/>\nEste itinerario integrado de inserci\u00f3n laboral comenz\u00f3 el pasado mes de abril con los encuentros grupales destinados a buscar los recursos que tiene cada persona para encontrar empleo, aumentar la positividad y motivaci\u00f3n y definir la formaci\u00f3n para la b\u00fasqueda actica de empleo que quer\u00edan realizar las personas que integran este Grupo Diecis\u00e9is.<br \/>\nLa formaci\u00f3n de estas personas comenz\u00f3 con el curso \u201cDesarrollo de Estrategias y Habilidades Personales y Grupales para la Mejora de la Empleabilidad y la B\u00fasqueda de Empleo\u201d, en cuyo marco se realizaron una serie de tutor\u00edas grupales para tratar cuestiones relacionadas con el desarrollo del propio Proyecto y con el plan de trabajo y su seguimiento, as\u00ed como varios talleres correspondientes a la formaci\u00f3n no ocupacional, enfocados a la mejora de la empleabilidad, sobre cuestiones como la elaboraci\u00f3n y mejora del curr\u00edculum vitae, recursos de empleo o iniciaci\u00f3n a la b\u00fasqueda activa de empleo.<br \/>\nPor otro lado, esta treintena de personas ha pasado por un proceso de formaci\u00f3n ocupacional, realizando el curso \u201cDependiente\/a de comercio al por menor\u201d, con una duraci\u00f3n de 90 horas y una orientaci\u00f3n muy pr\u00e1ctica destinada a favorecer el aprendizaje y la adquisici\u00f3n de conocimientos. La formaci\u00f3n se est\u00e1 complementando actualmente con la realizaci\u00f3n de un total de ochenta horas de pr\u00e1cticas en empresas del sector con las que esta Iniciativa ha establecido convenios de colaboraci\u00f3n.<br \/>\nEl proyecto <em>Barrios por el Empleo: Juntos m\u00e1s Fuertes<\/em> tambi\u00e9n contempla que las personas participantes en su itinerario formativo completen este proceso con la realizaci\u00f3n de un estudio del sector en el que profundicen, en este caso en el comercio al por menor. Este estudio se est\u00e1 enfocando en la situaci\u00f3n del sector comercial de tres barrios espec\u00edficos que son Santa Mar\u00eda del Mar-Alisios, San Mat\u00edas y Princesa Yballa. Para la elaboraci\u00f3n de este estudio, las personas participantes han llevado a cabo una b\u00fasqueda de informaci\u00f3n acerca de empresas relacionadas con el objeto de estudio y de ofertas vinculadas con la ocupaci\u00f3n en la que se est\u00e1n formando, adem\u00e1s de realizar visitas a empresas y entrevistas con profesionales del sector con el objetivo de acumular datos para la realizaci\u00f3n del estudio final.<br \/>\nEstos itinerarios integrales de inserci\u00f3n desarrollados desde <em>Barrios por el Empleo: Juntos m\u00e1s Fuertes<\/em> van dirigidos a personas desempleadas en situaci\u00f3n de vulnerabilidad social y con un nivel acad\u00e9mico indiferente, dando prioridad a aquellas personas que tengan experiencia en el sector y no tengan formaci\u00f3n relacionada acreditada.<br \/>\nEl sector al que se enfoca la formaci\u00f3n ocupacional en cada grupo de personas se selecciona en funci\u00f3n de la informaci\u00f3n recopilada por el equipo t\u00e9cnico del Proyecto mediante diferentes fuentes, como son la caracterizaci\u00f3n socio-econ\u00f3mica de la zona de actuaci\u00f3n, las ofertas de empleo publicadas en los \u00faltimos meses y la opini\u00f3n recogida de empresarios\/as de la zona.<br \/>\nEl Grupo Diecis\u00e9is de <em>Barrios por el Empleo: Juntos m\u00e1s Fuertes<\/em> inici\u00f3 su andadura en el mes de marzo de 2015 y tiene previsto finalizar su actividad este pr\u00f3ximo mes de julio tras la finalizaci\u00f3n de las pr\u00e1cticas en empresas, del estudio del sector y de un acto de clausura del Grupo que organizan las propias personas participantes y que dar\u00e1 paso a un periodo de b\u00fasqueda activa de empleo durante el mes de julio.<br \/>\n<em>Barrios por el Empleo: Juntos m\u00e1s Fuertes<\/em> tiene como objetivo final la inserci\u00f3n laboral de las personas participantes, mejorando su empleabilidad a trav\u00e9s de actividades que favorezcan el incremento de la capacitaci\u00f3n profesional, el desarrollo de habilidades sociales y la materializaci\u00f3n de redes de apoyo para la b\u00fasqueda de empleo. Para ello, se emplea una metodolog\u00eda de trabajo participativa, una intervenci\u00f3n de car\u00e1cter grupal con las personas participantes y una coordinaci\u00f3n con los dispositivos presentes en la comunidad.<br \/>\nCon respecto a ediciones anteriores, esta nueva etapa del Proyecto plantea, como mejoras, la realizaci\u00f3n de una formaci\u00f3n ocupacional con m\u00e1s pr\u00e1cticas en empresas, una mayor presencia del empresariado en el proceso y el aumento del seguimiento grupal e individual de los\/as componentes de los grupos, reforzando el servicio de orientaci\u00f3n individualizada.<br \/>\n<em>Barrios por el Empleo: Juntos m\u00e1s Fuertes<\/em> es un proyecto que se enmarca dentro del Plan de Acci\u00f3n por el Empleo de Tenerife, impulsado por el Cabildo de Tenerife y por la\u00a0Fundaci\u00f3n Insular para la Formaci\u00f3n, el Empleo y el Desarrollo empresarial (FIFEDE), gestionado por la Fundaci\u00f3n General de la Universidad de La Laguna.<br \/>\n*Nota de prensa y fotograf\u00edas cedidas<\/p>\n","protected":false},"excerpt":{"rendered":"<p>El Grupo Diecis\u00e9is de esta iniciativa impulsada por el Cabildo de Tenerife y FIFEDE, est\u00e1 finalizando sus pr\u00e1cticas en empresas tras formarse como dependientes de comercio al por menor. Culminan as\u00ed un itinerario de preparaci\u00f3n para el empleo que comprende atenci\u00f3n individual, encuentros grupales, formaci\u00f3n ocupacional, tutor\u00edas grupales y formaci\u00f3n enfocada a la b\u00fasqueda activa de empleo.<\/p>\n","protected":false},"author":1,"featured_media":19935,"comment_status":"closed","ping_status":"closed","sticky":false,"template":"","format":"standard","meta":{"footnotes":""},"categories":[3,12,13],"tags":[518,672,1353,1424],"featured_image_thumbnail_url":"https:\/\/fg.ull.es\/hemeroteca\/wp-content\/uploads\/sites\/14\/2015\/07\/IMG_20150513_123237-300x225.jpg","_links":{"self":[{"href":"https:\/\/fg.ull.es\/hemeroteca\/wp-json\/wp\/v2\/posts\/19931"}],"collection":[{"href":"https:\/\/fg.ull.es\/hemeroteca\/wp-json\/wp\/v2\/posts"}],"about":[{"href":"https:\/\/fg.ull.es\/hemeroteca\/wp-json\/wp\/v2\/types\/post"}],"author":[{"embeddable":true,"href":"https:\/\/fg.ull.es\/hemeroteca\/wp-json\/wp\/v2\/users\/1"}],"replies":[{"embeddable":true,"href":"https:\/\/fg.ull.es\/hemeroteca\/wp-json\/wp\/v2\/comments?post=19931"}],"version-history":[{"count":0,"href":"https:\/\/fg.ull.es\/hemeroteca\/wp-json\/wp\/v2\/posts\/19931\/revisions"}],"wp:featuredmedia":[{"embeddable":true,"href":"https:\/\/fg.ull.es\/hemeroteca\/wp-json\/wp\/v2\/media\/19935"}],"wp:attachment":[{"href":"https:\/\/fg.ull.es\/hemeroteca\/wp-json\/wp\/v2\/media?parent=19931"}],"wp:term":[{"taxonomy":"category","embeddable":true,"href":"https:\/\/fg.ull.es\/hemeroteca\/wp-json\/wp\/v2\/categories?post=19931"},{"taxonomy":"post_tag","embeddable":true,"href":"https:\/\/fg.ull.es\/hemeroteca\/wp-json\/wp\/v2\/tags?post=19931"}],"curies":[{"name":"wp","href":"https:\/\/api.w.org\/{rel}","templated":true}]}}